{"id":939,"date":"2020-05-21T11:36:31","date_gmt":"2020-05-21T11:36:31","guid":{"rendered":"http:\/\/blogs.sld.cu\/jorgedelgado\/?p=939"},"modified":"2020-05-21T11:54:38","modified_gmt":"2020-05-21T11:54:38","slug":"el-embarazo-durante-la-covid-19","status":"publish","type":"post","link":"https:\/\/blogs.sld.cu\/jorgedelgado\/2020\/05\/21\/el-embarazo-durante-la-covid-19\/","title":{"rendered":"El embarazo durante la Covid-19"},"content":{"rendered":"<p><a href=\"http:\/\/instituciones.sld.cu\/scog\/files\/2020\/05\/gestanteNNUU.jpg\"><img loading=\"lazy\" class=\"alignleft size-full wp-image-1209\" src=\"http:\/\/instituciones.sld.cu\/scog\/files\/2020\/05\/gestanteNNUU.jpg\" alt=\"gestante\" width=\"179\" height=\"116\" \/><\/a>Decursar por el embarazo durante la Covid-19. Criterios para proteger tu persona y tu beb\u00e9. Reflexiones basadas en un documento del Fondo de Naciones Unidas para la Infancia, con opiniones de expertos de la Sociedad Cubana de Obstetricia y Ginecolog\u00eda, el Grupo Nacional de Expertos y la Sociedad Cient\u00edfica Cubana el Desarrollo de la Familia, para la protecci\u00f3n de la gestante y su beb\u00e9, adaptadas a las condiciones de nuestro pa\u00eds. \u2795Info<strong><em>: https:\/\/tinyurl.com\/ybny3a3d<\/em><\/strong><\/p>\n","protected":false},"excerpt":{"rendered":"<p>Decursar por el embarazo durante la Covid-19. Criterios para proteger tu persona y tu beb\u00e9. Reflexiones basadas en un documento del Fondo de Naciones Unidas para la Infancia, con opiniones de expertos de la Sociedad Cubana de Obstetricia y Ginecolog\u00eda, el Grupo Nacional de Expertos y la Sociedad Cient\u00edfica Cubana el Desarrollo de la Familia, [&hellip;]<\/p>\n","protected":false},"author":151,"featured_media":0,"comment_status":"open","ping_status":"open","sticky":false,"template":"","format":"standard","meta":[],"categories":[42],"tags":[43,49],"_links":{"self":[{"href":"https:\/\/blogs.sld.cu\/jorgedelgado\/wp-json\/wp\/v2\/posts\/939"}],"collection":[{"href":"https:\/\/blogs.sld.cu\/jorgedelgado\/wp-json\/wp\/v2\/posts"}],"about":[{"href":"https:\/\/blogs.sld.cu\/jorgedelgado\/wp-json\/wp\/v2\/types\/post"}],"author":[{"embeddable":true,"href":"https:\/\/blogs.sld.cu\/jorgedelgado\/wp-json\/wp\/v2\/users\/151"}],"replies":[{"embeddable":true,"href":"https:\/\/blogs.sld.cu\/jorgedelgado\/wp-json\/wp\/v2\/comments?post=939"}],"version-history":[{"count":5,"href":"https:\/\/blogs.sld.cu\/jorgedelgado\/wp-json\/wp\/v2\/posts\/939\/revisions"}],"predecessor-version":[{"id":944,"href":"https:\/\/blogs.sld.cu\/jorgedelgado\/wp-json\/wp\/v2\/posts\/939\/revisions\/944"}],"wp:attachment":[{"href":"https:\/\/blogs.sld.cu\/jorgedelgado\/wp-json\/wp\/v2\/media?parent=939"}],"wp:term":[{"taxonomy":"category","embeddable":true,"href":"https:\/\/blogs.sld.cu\/jorgedelgado\/wp-json\/wp\/v2\/categories?post=939"},{"taxonomy":"post_tag","embeddable":true,"href":"https:\/\/blogs.sld.cu\/jorgedelgado\/wp-json\/wp\/v2\/tags?post=939"}],"curies":[{"name":"wp","href":"https:\/\/api.w.org\/{rel}","templated":true}]}}