{"id":260,"date":"2013-03-01T00:21:17","date_gmt":"2013-03-01T05:21:17","guid":{"rendered":"http:\/\/blogviejo.sld.cu\/keilyn\/?p=260"},"modified":"2013-03-01T00:21:17","modified_gmt":"2013-03-01T05:21:17","slug":"a-proposito-del-desarrollo-de-colecciones-en-formato-digital","status":"publish","type":"post","link":"https:\/\/blogs.sld.cu\/keilyn\/2013\/03\/01\/a-proposito-del-desarrollo-de-colecciones-en-formato-digital\/","title":{"rendered":"A prop\u00f3sito del Desarrollo de Colecciones en nuestro centro"},"content":{"rendered":"<p>Siento especial respeto por todos los bibliotecarios que han dedicado muchas horas de su vida al estudio de los acervos bibliogr\u00e1ficos. De ah\u00ed mi profunda admiraci\u00f3n y respeto por la obra de <a title=\"Paul Otlet\" href=\"http:\/\/es.wikipedia.org\/wiki\/Paul_Otlet\" target=\"_blank\">Otlet<\/a> y <a title=\"S.R Ranganathan\" href=\"http:\/\/es.wikipedia.org\/wiki\/Ranganathan\" target=\"_blank\">Ranganathan<\/a> dado sus incalculables aportes no solo a nuestras disciplinas, sino al pensamiento universal en el contexto del tratamiento bibliogr\u00e1fico y documental.<!--more--><\/p>\n<p>Mi intenci\u00f3n es llamar la atenci\u00f3n sobre el <a title=\"IFLA Desarrollo de Colecciones\" href=\"http:\/\/www.ifla.org\/acquisition-collection-development\" target=\"_blank\">Desarrollo de Colecciones <\/a> como actividad estrat\u00e9gicamente vital para la sostenibilidad de nuestra misi\u00f3n como Centro Nacional de Informaci\u00f3n en Ciencias de la Salud y como red personas e instituciones. Si enfocamos el tema como\u00a0 &#8220;de car\u00e1cter urgente&#8221; es posible que improvisemos m\u00e1s de una vez, ahora no tenemos <a title=\"Vea la referencia en la Biblioteca Virtual en Salud de Cuba\" href=\"http:\/\/bvscuba.sld.cu\/blog\/vhl\/fuentes-de-informacion\/acceso-a-textos-completos\/revistas-cientificas\/\" target=\"_blank\">HINARI<\/a>, ma\u00f1ana puede ser <a title=\"Vea la referencia en la Biblioteca Virtual en salud de Cuba\" href=\"http:\/\/bvscuba.sld.cu\/blog\/vhl\/fuentes-de-informacion\/acceso-a-textos-completos\/revistas-cientificas\/\" target=\"_blank\">PERii<\/a>, <a title=\"Vea rerefencia en la Biblioteca Virtual en Salud de Cuba\" href=\"http:\/\/bvscuba.sld.cu\/blog\/vhl\/fuentes-de-informacion\/acceso-a-textos-completos\/revistas-cientificas\/\" target=\"_blank\">EBSCO<\/a>, podemos perder incluso nuestras propias colecciones de fuentes de informaci\u00f3n si no esclarecemos sus objetivos y alcances concretos. Existe adem\u00e1s una Pol\u00edtica de Desarrollo de Coleciones que debemos revisar para adaptarla a los nuevos escenarios de creaci\u00f3n, m\u00e1s all\u00e1 de los muros de nuestra sagrada Biblioteca (s<em>i sagrada porque tiene que perdurar en el tiempo as\u00ed montemos naves espaciales en lugar de autom\u00f3viles<\/em>).<\/p>\n<p>Comenzamos por organizar un inventario de lo disponible en HINARI hasta dicembre de 2012 como insumo de valor, pero no concreta lo esencialmente importante: <em>Organizar un marco conceptual y regulatorio unificado para la toma de decisiones en materia de Selecci\u00f3n y Adquisici\u00f3n de fuentes de informaci\u00f3n especializadas en Salud<\/em>. No obstante, v\u00eda <a title=\"Infotecarios\" href=\"http:\/\/www.infotecarios.com\" target=\"_blank\">Infotecarios<\/a> le\u00ed dos art\u00edculos que tratan este tema con un enfoque m\u00e1s integral <strong>(1)<\/strong><\/p>\n<p>Por solo citar algunos ejemplos, <a title=\"Federaci\u00f3n Internacional de Asociaciones e Instituciones Bibliotecarias\" href=\"http:\/\/www.ifla.org\" target=\"_blank\">La Federaci\u00f3n Internacional de Asociaciones e Instituciones Bibliotecarias (IFLA)<\/a>, <a title=\"OCLC WorldShare\" href=\"http:\/\/www.oclc.org\/americalatina\/es\/default.htm\" target=\"_blank\">The Online Computer Library Center (OCLC)<\/a> y <a title=\"Biblioteca del Congreso de los Estados Unidos\" href=\"http:\/\/www.loc.gov\/index.html\" target=\"_blank\">La Biblioteca del Congreso de los Estados Unidos<\/a>, entre otros,\u00a0 han trabajado intensamente durante a\u00f1os en un esfuerzo cooperado de consenso y unificaci\u00f3n de criterios de Selecci\u00f3n y Adquisi\u00f3n a nivel internacional, no solo de materiales impresos, sino de diversa naturaleza en t\u00e9rminos de los nuevos formato digitales. Por qu\u00e9 ser\u00e1. Volver\u00e9 sobre el tema.<\/p>\n<p><strong>(1) <\/strong><a title=\"Desarrollo de Colecciones\" href=\"La urgencia de pol\u00edticas de desarrollo de colecciones para entornos digitales - I\" target=\"_blank\">La urgencia de pol\u00edticas de desarrollo de colecciones para entornos digitales<\/a> &#8211; I y II<\/p>\n","protected":false},"excerpt":{"rendered":"<p>Siento especial respeto por todos los bibliotecarios que han dedicado muchas horas de su vida al estudio de los acervos bibliogr\u00e1ficos. De ah\u00ed mi profunda admiraci\u00f3n y respeto por la obra de Otlet y Ranganathan dado sus incalculables aportes no solo a nuestras disciplinas, sino al pensamiento universal en el contexto del tratamiento bibliogr\u00e1fico y [&hellip;]<\/p>\n","protected":false},"author":120,"featured_media":0,"comment_status":"open","ping_status":"closed","sticky":false,"template":"","format":"standard","meta":[],"categories":[3,7,8,18,21,39],"tags":[],"_links":{"self":[{"href":"https:\/\/blogs.sld.cu\/keilyn\/wp-json\/wp\/v2\/posts\/260"}],"collection":[{"href":"https:\/\/blogs.sld.cu\/keilyn\/wp-json\/wp\/v2\/posts"}],"about":[{"href":"https:\/\/blogs.sld.cu\/keilyn\/wp-json\/wp\/v2\/types\/post"}],"author":[{"embeddable":true,"href":"https:\/\/blogs.sld.cu\/keilyn\/wp-json\/wp\/v2\/users\/120"}],"replies":[{"embeddable":true,"href":"https:\/\/blogs.sld.cu\/keilyn\/wp-json\/wp\/v2\/comments?post=260"}],"version-history":[{"count":0,"href":"https:\/\/blogs.sld.cu\/keilyn\/wp-json\/wp\/v2\/posts\/260\/revisions"}],"wp:attachment":[{"href":"https:\/\/blogs.sld.cu\/keilyn\/wp-json\/wp\/v2\/media?parent=260"}],"wp:term":[{"taxonomy":"category","embeddable":true,"href":"https:\/\/blogs.sld.cu\/keilyn\/wp-json\/wp\/v2\/categories?post=260"},{"taxonomy":"post_tag","embeddable":true,"href":"https:\/\/blogs.sld.cu\/keilyn\/wp-json\/wp\/v2\/tags?post=260"}],"curies":[{"name":"wp","href":"https:\/\/api.w.org\/{rel}","templated":true}]}}