{"id":12332,"date":"2011-01-13T11:30:24","date_gmt":"2011-01-13T15:30:24","guid":{"rendered":"http:\/\/blogviejo.sld.cu\/marionod\/?p=12332"},"modified":"2011-01-13T11:30:24","modified_gmt":"2011-01-13T15:30:24","slug":"la-biopsia-oral","status":"publish","type":"post","link":"https:\/\/blogs.sld.cu\/marionod\/2011\/01\/13\/la-biopsia-oral\/","title":{"rendered":"La Biopsia Oral"},"content":{"rendered":"<p><a href=\"http:\/\/www.consejodentistas.es\/pdf\/LIBRO1.pdf\" target=\"_blank\">La Biopsia Oral <\/a><\/p>\n<p>El<a href=\"http:\/\/www.consejodentistas.es\/\" target=\"_blank\"> Ilustre Consejo General de Colegios de Odont\u00f3logos y Estomat\u00f3logos de Espa<\/a>\u00f1a ha publicado este libro dedicado a la biopsia oral, elaborado por un magn\u00edfico plantel de profesionales que forman parte de las actividades de la Campa\u00f1a de Prevenci\u00f3n y Diagn\u00f3stico Precoz del C\u00e1ncer Oral correspondiente al a\u00f1o 2010, bajo la coordinaci\u00f3n de los Drs. Rodr\u00edguez Lozano, el Prof. Juan Carlos Llodra Calvoy Seoane Lest\u00f3n.<br \/>\nEn esta obra se revisan actualizadamente, de manera rigurosa y a la vez tambi\u00e9n concisa y clara, los principios rectores de la toma de biopsias en la boca, representado una importante y novedosa aportaci\u00f3n a la literatura odontol\u00f3gica espa\u00f1ola.<br \/>\nEn \u00e9l se abordan de forma detallada y precisa los diversos aspectos de la biopsia en la cavidad oral desde lo que representa en s\u00ed el tomar una biopsia, hasta su clasificaci\u00f3n y tipos, abordando las t\u00e9cnicas para realizarla en las diferentes localizaciones de la mucosa oral y huesos maxilares.<\/p>\n","protected":false},"excerpt":{"rendered":"<p>La Biopsia Oral El Ilustre Consejo General de Colegios de Odont\u00f3logos y Estomat\u00f3logos de Espa\u00f1a ha publicado este libro dedicado a la biopsia oral, elaborado por un magn\u00edfico plantel de profesionales que forman parte de las actividades de la Campa\u00f1a de Prevenci\u00f3n y Diagn\u00f3stico Precoz del C\u00e1ncer Oral correspondiente al a\u00f1o 2010, bajo la coordinaci\u00f3n [&hellip;]<\/p>\n","protected":false},"author":126,"featured_media":0,"comment_status":"open","ping_status":"open","sticky":false,"template":"","format":"standard","meta":[],"categories":[1169,610,66,621,78,11,124,961],"tags":[],"_links":{"self":[{"href":"https:\/\/blogs.sld.cu\/marionod\/wp-json\/wp\/v2\/posts\/12332"}],"collection":[{"href":"https:\/\/blogs.sld.cu\/marionod\/wp-json\/wp\/v2\/posts"}],"about":[{"href":"https:\/\/blogs.sld.cu\/marionod\/wp-json\/wp\/v2\/types\/post"}],"author":[{"embeddable":true,"href":"https:\/\/blogs.sld.cu\/marionod\/wp-json\/wp\/v2\/users\/126"}],"replies":[{"embeddable":true,"href":"https:\/\/blogs.sld.cu\/marionod\/wp-json\/wp\/v2\/comments?post=12332"}],"version-history":[{"count":0,"href":"https:\/\/blogs.sld.cu\/marionod\/wp-json\/wp\/v2\/posts\/12332\/revisions"}],"wp:attachment":[{"href":"https:\/\/blogs.sld.cu\/marionod\/wp-json\/wp\/v2\/media?parent=12332"}],"wp:term":[{"taxonomy":"category","embeddable":true,"href":"https:\/\/blogs.sld.cu\/marionod\/wp-json\/wp\/v2\/categories?post=12332"},{"taxonomy":"post_tag","embeddable":true,"href":"https:\/\/blogs.sld.cu\/marionod\/wp-json\/wp\/v2\/tags?post=12332"}],"curies":[{"name":"wp","href":"https:\/\/api.w.org\/{rel}","templated":true}]}}