{"id":1249,"date":"2008-08-12T13:09:05","date_gmt":"2008-08-12T17:09:05","guid":{"rendered":"http:\/\/blogviejo.sld.cu\/marionod\/2008\/08\/12\/humanitashumanidades-medicas-tema-del-mes\/"},"modified":"2018-12-05T23:04:31","modified_gmt":"2018-12-06T03:04:31","slug":"humanitashumanidades-medicas-tema-del-mes","status":"publish","type":"post","link":"https:\/\/blogs.sld.cu\/marionod\/2008\/08\/12\/humanitashumanidades-medicas-tema-del-mes\/","title":{"rendered":"HUMANITAS.Humanidades M\u00e9dicas. Tema del mes"},"content":{"rendered":"<p align=\"left\"><a href=\"http:\/\/www.iatros.es\/temas-del-mes-humanitas-humanidades-medicas\/\" target=\"_blank\">HUMANITAS. Humanidades M\u00e9dicas. Tema del mes<\/a><\/p>\n<p align=\"left\">Revista a texto completo de la\u00a0<a href=\"http:\/\/www.iatros.es\/\" target=\"_blank\">Fundaci\u00f3n Iatr\u00f3s de Humanidades M\u00e9dicas<\/a> que analiza los fen\u00f3menos de la salud y la enfermedad, la medicina y su pr\u00e1ctica, la atenci\u00f3n sanitaria y el cuidado de la salud en general, y las repercusiones que tiene para el hombre y su dignidad y bienestar desde los diferentes contextos (\u00e9tico, jur\u00eddico, hist\u00f3rico, econ\u00f3mico, filos\u00f3fico, sociol\u00f3gico, antropol\u00f3gico, cultural, etc.) que afectan a estos fen\u00f3menos y los interpretan. HUMANITAS Humanidades M\u00e9dicas se ha ocupado de temas que est\u00e1n de permanente actualidad y suscitan un enorme inter\u00e9s y preocupaci\u00f3n tanto entre las profesiones sanitarias como en la sociedad en general. El contenido de los diferentes n\u00fameros de la revista es de car\u00e1cter monogr\u00e1fico: en cada uno se trata un \u00fanico tema con extensi\u00f3n y profundidad y desde las variadas perspectivas que aportan las Humanidades M\u00e9dicas con un per\u00edodo mensual.<\/p>\n","protected":false},"excerpt":{"rendered":"<p>HUMANITAS. Humanidades M\u00e9dicas. Tema del mes Revista a texto completo de la\u00a0Fundaci\u00f3n Iatr\u00f3s de Humanidades M\u00e9dicas que analiza los fen\u00f3menos de la salud y la enfermedad, la medicina y su pr\u00e1ctica, la atenci\u00f3n sanitaria y el cuidado de la salud en general, y las repercusiones que tiene para el hombre y su dignidad y bienestar [&hellip;]<\/p>\n","protected":false},"author":126,"featured_media":0,"comment_status":"open","ping_status":"open","sticky":false,"template":"","format":"standard","meta":[],"categories":[117,490,7,9],"tags":[],"_links":{"self":[{"href":"https:\/\/blogs.sld.cu\/marionod\/wp-json\/wp\/v2\/posts\/1249"}],"collection":[{"href":"https:\/\/blogs.sld.cu\/marionod\/wp-json\/wp\/v2\/posts"}],"about":[{"href":"https:\/\/blogs.sld.cu\/marionod\/wp-json\/wp\/v2\/types\/post"}],"author":[{"embeddable":true,"href":"https:\/\/blogs.sld.cu\/marionod\/wp-json\/wp\/v2\/users\/126"}],"replies":[{"embeddable":true,"href":"https:\/\/blogs.sld.cu\/marionod\/wp-json\/wp\/v2\/comments?post=1249"}],"version-history":[{"count":2,"href":"https:\/\/blogs.sld.cu\/marionod\/wp-json\/wp\/v2\/posts\/1249\/revisions"}],"predecessor-version":[{"id":40622,"href":"https:\/\/blogs.sld.cu\/marionod\/wp-json\/wp\/v2\/posts\/1249\/revisions\/40622"}],"wp:attachment":[{"href":"https:\/\/blogs.sld.cu\/marionod\/wp-json\/wp\/v2\/media?parent=1249"}],"wp:term":[{"taxonomy":"category","embeddable":true,"href":"https:\/\/blogs.sld.cu\/marionod\/wp-json\/wp\/v2\/categories?post=1249"},{"taxonomy":"post_tag","embeddable":true,"href":"https:\/\/blogs.sld.cu\/marionod\/wp-json\/wp\/v2\/tags?post=1249"}],"curies":[{"name":"wp","href":"https:\/\/api.w.org\/{rel}","templated":true}]}}