{"id":14181,"date":"2011-04-25T16:20:08","date_gmt":"2011-04-25T20:20:08","guid":{"rendered":"http:\/\/blogviejo.sld.cu\/marionod\/?p=14181"},"modified":"2011-04-25T16:20:08","modified_gmt":"2011-04-25T20:20:08","slug":"programa-de-alfabetizacion-informacional-para-bibliotecarios","status":"publish","type":"post","link":"https:\/\/blogs.sld.cu\/marionod\/2011\/04\/25\/programa-de-alfabetizacion-informacional-para-bibliotecarios\/","title":{"rendered":"Programa de Alfabetizaci\u00f3n Informacional para bibliotecarios"},"content":{"rendered":"<p><a href=\"http:\/\/www.flacsoandes.org\/dspace\/bitstream\/10469\/1367\/1\/Programa%20de%20Alfabetizaci%C3%B3n%20Informacional%20para%20bibliotecarios...%20Idalmis%20G.%20Cruz.pdf\" target=\"_blank\">Programa de Alfabetizaci\u00f3n Informacional para bibliotecarios<\/a><\/p>\n<p>T\u00e9sis presentada en opci\u00f3n al grado acad\u00e9mico de M\u00e1ser en Desarrollo Social en la Facultad Latinoamericana de Ciencias Sociales de Cuba. La presente investigaci\u00f3n, realizada desde una estrategia explicativa y con el  empleo del m\u00e9todo general dial\u00e9ctico, tiene por base los datos de un diagnostico  sobre las habilidades informacionales, necesidades y potencialidades de los  bibliotecarios y especialistas de la informaci\u00f3n en Pinar del R\u00edo, y deja  fundamentada la necesidad de la formaci\u00f3n de las habilidades informacionales por  su contribuci\u00f3n en el desarrollo de la sociedad. A partir de autores como Ortiz,  1995; Delors, 1996; Castells, 1997 y la celebrada Cumbre Mundial sobre la  Sociedad de la Informaci\u00f3n en 2003, se abordan las principales definiciones  sobre Sociedad de la Informaci\u00f3n y se estable su relaci\u00f3n con el desarrollo  social, agrup\u00e1ndolas en dos grandes visiones en las que subyace el empleo que se  hace de las Tecnolog\u00edas de la Informaci\u00f3n y las Comunicaciones. En la  investigaci\u00f3n queda fundamentada la apropiaci\u00f3n social que realiza Cuba de las  TICs, las pol\u00edticas e iniciativas que se desarrollan para la disminuci\u00f3n de la  brecha digital, se define la alfabetizaci\u00f3n informacional y su importancia como  estrategia para fomentar las habilidades informacionales y crear una cultura en  informaci\u00f3n en la sociedad, a trav\u00e9s de las instituciones de informaci\u00f3n y los  bibliotecarios. Como contribuci\u00f3n pr\u00e1ctica se propone un programa de  alfabetizaci\u00f3n informacional para los bibliotecarios de Pinar del R\u00edo, dise\u00f1ado  a partir de la participaci\u00f3n protag\u00f3nica de los propios sujetos de la  investigaci\u00f3n. Validada preliminarmente, el programa propuesto contribuye al  desarrollo de las habilidades informacionales y con ello al desarrollo social  del territorio<\/p>\n","protected":false},"excerpt":{"rendered":"<p>Programa de Alfabetizaci\u00f3n Informacional para bibliotecarios T\u00e9sis presentada en opci\u00f3n al grado acad\u00e9mico de M\u00e1ser en Desarrollo Social en la Facultad Latinoamericana de Ciencias Sociales de Cuba. La presente investigaci\u00f3n, realizada desde una estrategia explicativa y con el empleo del m\u00e9todo general dial\u00e9ctico, tiene por base los datos de un diagnostico sobre las habilidades informacionales, [&hellip;]<\/p>\n","protected":false},"author":126,"featured_media":0,"comment_status":"open","ping_status":"open","sticky":false,"template":"","format":"standard","meta":[],"categories":[976,701,6,889,74],"tags":[],"_links":{"self":[{"href":"https:\/\/blogs.sld.cu\/marionod\/wp-json\/wp\/v2\/posts\/14181"}],"collection":[{"href":"https:\/\/blogs.sld.cu\/marionod\/wp-json\/wp\/v2\/posts"}],"about":[{"href":"https:\/\/blogs.sld.cu\/marionod\/wp-json\/wp\/v2\/types\/post"}],"author":[{"embeddable":true,"href":"https:\/\/blogs.sld.cu\/marionod\/wp-json\/wp\/v2\/users\/126"}],"replies":[{"embeddable":true,"href":"https:\/\/blogs.sld.cu\/marionod\/wp-json\/wp\/v2\/comments?post=14181"}],"version-history":[{"count":0,"href":"https:\/\/blogs.sld.cu\/marionod\/wp-json\/wp\/v2\/posts\/14181\/revisions"}],"wp:attachment":[{"href":"https:\/\/blogs.sld.cu\/marionod\/wp-json\/wp\/v2\/media?parent=14181"}],"wp:term":[{"taxonomy":"category","embeddable":true,"href":"https:\/\/blogs.sld.cu\/marionod\/wp-json\/wp\/v2\/categories?post=14181"},{"taxonomy":"post_tag","embeddable":true,"href":"https:\/\/blogs.sld.cu\/marionod\/wp-json\/wp\/v2\/tags?post=14181"}],"curies":[{"name":"wp","href":"https:\/\/api.w.org\/{rel}","templated":true}]}}