{"id":16398,"date":"2011-08-20T21:11:57","date_gmt":"2011-08-21T01:11:57","guid":{"rendered":"http:\/\/blogviejo.sld.cu\/marionod\/?p=16398"},"modified":"2011-08-20T21:11:57","modified_gmt":"2011-08-21T01:11:57","slug":"16398","status":"publish","type":"post","link":"https:\/\/blogs.sld.cu\/marionod\/2011\/08\/20\/16398\/","title":{"rendered":"Portal de Salud de la Junta de Castilla y Le\u00f3n Amianto y Salud"},"content":{"rendered":"<p><a href=\"http:\/\/www.saludcastillayleon.es\/profesionales\/es\/saludlaboral\/amianto-salud\" target=\"_blank\">Portal de Salud de la Junta de Castilla y Le\u00f3n Amianto y Salud<\/a><\/p>\n<p>Los riesgos derivados del amianto est\u00e1n producidos por la inhalaci\u00f3n de las  fibras de amianto, siendo las de menor tama\u00f1o las que alcanzan las v\u00edas a\u00e9reas  inferiores. La longitud y configuraci\u00f3n de las fibras (peque\u00f1o tama\u00f1o y forma  larga y delgada) influye en su capacidad de penetraci\u00f3n en las v\u00edas  respiratorias, ya que pueden permanecer en suspensi\u00f3n en el aire durante mucho  tiempo y por lo tanto poder ser respiradas.<\/p>\n<p>El objetivo general del <strong>Plan  de Actuaciones Sanitarias en personas con exposici\u00f3n laboral a amianto en  Castilla y Le\u00f3n<\/strong> es \u00abproteger la salud de las personas que tienen o han  tenido exposici\u00f3n laboral a amianto, residentes en la Comunidad Aut\u00f3noma de  Castilla y Le\u00f3n<\/p>\n<p>Este documento publicado por el <a href=\"http:\/\/www.saludcastillayleon.es\/\" target=\"_blank\">Portal de Salud de Castillo y Le\u00f3n <\/a>presentalos siguientes contenidos:<\/p>\n<div>\n<div>\n<div>\n<ul>\n<li><a href=\"http:\/\/www.saludcastillayleon.es\/profesionales\/es\/saludlaboral\/amianto-salud\/informacion-amianto\" target=\"_blank\">Informaci\u00f3n  sobre el amianto<\/a><\/li>\n<li><a href=\"http:\/\/www.saludcastillayleon.es\/profesionales\/es\/saludlaboral\/amianto-salud\/plan-actuaciones-sanitarias-personas-exposicion-laboral-ami\" target=\"_blank\">Plan  de actuaciones sanitarias en personas con exposici\u00f3n laboral a amianto en  Castilla y Le\u00f3n<\/a><\/li>\n<li><a href=\"http:\/\/www.saludcastillayleon.es\/profesionales\/es\/saludlaboral\/amianto-salud\/patologia-pleuro-pulmonar-separ\" target=\"_blank\">Patolog\u00eda  Pleuro Pulmonar SEPAR<\/a><\/li>\n<li>\n<div><a href=\"http:\/\/www.saludcastillayleon.es\/profesionales\/es\/saludlaboral\/amianto-salud\/vigilancia-sanitaria-especifica\" target=\"_blank\">Vigilancia  sanitaria espec\u00edfica<\/a><\/div>\n<\/li>\n<li>\n<div><a href=\"http:\/\/www.saludcastillayleon.es\/profesionales\/es\/saludlaboral\/amianto-salud\/enfermedades-profesionales-relacionadas-amianto\" target=\"_blank\">Enfermedades  Profesionales relacionadas con amianto<\/a><\/div>\n<\/li>\n<li>\n<div><a href=\"http:\/\/www.saludcastillayleon.es\/profesionales\/es\/saludlaboral\/amianto-salud\/amianto-tabaco\" target=\"_blank\">Amianto y  Tabaco<\/a><\/div>\n<\/li>\n<li>\n<div><a href=\"http:\/\/www.saludcastillayleon.es\/profesionales\/es\/saludlaboral\/amianto-salud\/bibliografia\" target=\"_blank\">Bibliograf\u00eda<\/a><\/div>\n<\/li>\n<\/ul>\n<\/div>\n<\/div>\n<\/div>\n","protected":false},"excerpt":{"rendered":"<p>Portal de Salud de la Junta de Castilla y Le\u00f3n Amianto y Salud Los riesgos derivados del amianto est\u00e1n producidos por la inhalaci\u00f3n de las fibras de amianto, siendo las de menor tama\u00f1o las que alcanzan las v\u00edas a\u00e9reas inferiores. La longitud y configuraci\u00f3n de las fibras (peque\u00f1o tama\u00f1o y forma larga y delgada) influye [&hellip;]<\/p>\n","protected":false},"author":126,"featured_media":0,"comment_status":"open","ping_status":"open","sticky":false,"template":"","format":"standard","meta":[],"categories":[453,400,129,130],"tags":[],"_links":{"self":[{"href":"https:\/\/blogs.sld.cu\/marionod\/wp-json\/wp\/v2\/posts\/16398"}],"collection":[{"href":"https:\/\/blogs.sld.cu\/marionod\/wp-json\/wp\/v2\/posts"}],"about":[{"href":"https:\/\/blogs.sld.cu\/marionod\/wp-json\/wp\/v2\/types\/post"}],"author":[{"embeddable":true,"href":"https:\/\/blogs.sld.cu\/marionod\/wp-json\/wp\/v2\/users\/126"}],"replies":[{"embeddable":true,"href":"https:\/\/blogs.sld.cu\/marionod\/wp-json\/wp\/v2\/comments?post=16398"}],"version-history":[{"count":0,"href":"https:\/\/blogs.sld.cu\/marionod\/wp-json\/wp\/v2\/posts\/16398\/revisions"}],"wp:attachment":[{"href":"https:\/\/blogs.sld.cu\/marionod\/wp-json\/wp\/v2\/media?parent=16398"}],"wp:term":[{"taxonomy":"category","embeddable":true,"href":"https:\/\/blogs.sld.cu\/marionod\/wp-json\/wp\/v2\/categories?post=16398"},{"taxonomy":"post_tag","embeddable":true,"href":"https:\/\/blogs.sld.cu\/marionod\/wp-json\/wp\/v2\/tags?post=16398"}],"curies":[{"name":"wp","href":"https:\/\/api.w.org\/{rel}","templated":true}]}}