{"id":17380,"date":"2011-10-03T14:35:30","date_gmt":"2011-10-03T18:35:30","guid":{"rendered":"http:\/\/blogviejo.sld.cu\/marionod\/?p=17380"},"modified":"2011-10-03T14:35:30","modified_gmt":"2011-10-03T18:35:30","slug":"uso-de-medicamentos-en-situaciones-especiales","status":"publish","type":"post","link":"https:\/\/blogs.sld.cu\/marionod\/2011\/10\/03\/uso-de-medicamentos-en-situaciones-especiales\/","title":{"rendered":"Uso de medicamentos en situaciones especiales"},"content":{"rendered":"<p><a href=\"http:\/\/www.cedimcat.info\/domamPlus\/pub\/du53\/html\/es\/dir2472\/index.html\" target=\"_blank\">Uso de medicamentos en situaciones especiales<\/a><\/p>\n<p>El <a href=\"http:\/\/www.cedimcat.info\/\" target=\"_blank\">Centro de Informaci\u00f3n de Medicamentos de Catalu\u00f1a<\/a> ha publicado estos documentos que tratan del empleo de medicamentos en diferentes situaciones especiales como son:<\/p>\n<ul>\n<li>\n<div><a href=\"http:\/\/www.cedimcat.info\/domamPlus\/pub\/du53\/html\/es\/dir2472\/doc26990.html\" target=\"_blank\">Manejo terap\u00e9utico de  la gastroenteritis aguda en lactantes y ni\u00f1os<\/a><\/div>\n<\/li>\n<li>\n<div><a href=\"http:\/\/www.cedimcat.info\/domamPlus\/pub\/du53\/html\/es\/dir2472\/doc26949.html\" target=\"_blank\">Conciliaci\u00f3n de la  medicaci\u00f3n<\/a><\/div>\n<\/li>\n<li>\n<div><a href=\"http:\/\/www.cedimcat.info\/domamPlus\/pub\/du53\/html\/es\/dir2472\/doc26912.html\" target=\"_blank\">Diabetes y  Ramad\u00e1n<\/a><\/div>\n<\/li>\n<li>\n<div><a href=\"http:\/\/www.cedimcat.info\/domamPlus\/pub\/du53\/html\/es\/dir2472\/doc26652.html\" target=\"_blank\">Uso racional de  medicamentos en el paciente geri\u00e1trico<\/a><\/div>\n<\/li>\n<li>\n<div><a href=\"http:\/\/www.cedimcat.info\/domamPlus\/pub\/du53\/html\/es\/dir2472\/doc26599.html\" target=\"_blank\">Medicamentos  contraindicados en caso de dietas hipos\u00f3dicas<\/a><\/div>\n<\/li>\n<li>\n<div><a href=\"http:\/\/www.scfarmclin.org\/mh\/index.htm\" target=\"_blank\">Manejo preoperatorio  de la medicaci\u00f3n cr\u00f3nica<\/a><\/div>\n<\/li>\n<li>\n<div><a href=\"http:\/\/www.gencat.cat\/salut\/depsalut\/html\/es\/dir107\/dn2207\/esbit909.pdf\" target=\"_blank\">Bit: Recomendaciones en el uso de medicamentos durante la lactancia<\/a><\/div>\n<\/li>\n<\/ul>\n","protected":false},"excerpt":{"rendered":"<p>Uso de medicamentos en situaciones especiales El Centro de Informaci\u00f3n de Medicamentos de Catalu\u00f1a ha publicado estos documentos que tratan del empleo de medicamentos en diferentes situaciones especiales como son: Manejo terap\u00e9utico de la gastroenteritis aguda en lactantes y ni\u00f1os Conciliaci\u00f3n de la medicaci\u00f3n Diabetes y Ramad\u00e1n Uso racional de medicamentos en el paciente geri\u00e1trico [&hellip;]<\/p>\n","protected":false},"author":126,"featured_media":0,"comment_status":"closed","ping_status":"closed","sticky":false,"template":"","format":"standard","meta":[],"categories":[1000,56,29,492,198,195,1520,44,104,105,338,347,145,191,36],"tags":[],"_links":{"self":[{"href":"https:\/\/blogs.sld.cu\/marionod\/wp-json\/wp\/v2\/posts\/17380"}],"collection":[{"href":"https:\/\/blogs.sld.cu\/marionod\/wp-json\/wp\/v2\/posts"}],"about":[{"href":"https:\/\/blogs.sld.cu\/marionod\/wp-json\/wp\/v2\/types\/post"}],"author":[{"embeddable":true,"href":"https:\/\/blogs.sld.cu\/marionod\/wp-json\/wp\/v2\/users\/126"}],"replies":[{"embeddable":true,"href":"https:\/\/blogs.sld.cu\/marionod\/wp-json\/wp\/v2\/comments?post=17380"}],"version-history":[{"count":0,"href":"https:\/\/blogs.sld.cu\/marionod\/wp-json\/wp\/v2\/posts\/17380\/revisions"}],"wp:attachment":[{"href":"https:\/\/blogs.sld.cu\/marionod\/wp-json\/wp\/v2\/media?parent=17380"}],"wp:term":[{"taxonomy":"category","embeddable":true,"href":"https:\/\/blogs.sld.cu\/marionod\/wp-json\/wp\/v2\/categories?post=17380"},{"taxonomy":"post_tag","embeddable":true,"href":"https:\/\/blogs.sld.cu\/marionod\/wp-json\/wp\/v2\/tags?post=17380"}],"curies":[{"name":"wp","href":"https:\/\/api.w.org\/{rel}","templated":true}]}}