{"id":17812,"date":"2011-10-29T23:00:33","date_gmt":"2011-10-30T03:00:33","guid":{"rendered":"http:\/\/blogviejo.sld.cu\/marionod\/?p=17812"},"modified":"2011-10-29T23:00:33","modified_gmt":"2011-10-30T03:00:33","slug":"manejo-del-cancer-en-atencion-primaria","status":"publish","type":"post","link":"https:\/\/blogs.sld.cu\/marionod\/2011\/10\/29\/manejo-del-cancer-en-atencion-primaria\/","title":{"rendered":"Manejo del c\u00e1ncer en atenci\u00f3n primaria"},"content":{"rendered":"<p><a href=\"http:\/\/www.sovpal.org\/es\/catalogo-productos\/categoria,libros-de-sovpal-y-paliativos-sin-fronteras\/producto,manejo-del-cancer-en-atencion-primaria\/\" target=\"_blank\">Manejo del c\u00e1ncer en atenci\u00f3n primaria<\/a><\/p>\n<p>La <a href=\"http:\/\/www.sovpal.org\/\" target=\"_blank\">Sociedad Vasca de Cuidados Paliativos (SOVPAL)<\/a> consciente de la necesidad de promover una mejor cultura sobre el c\u00e1ncer en Atenci\u00f3n Primaria organiz\u00f3 en San Sebasti\u00e1n en febrero de 2009, un simposio sobre la Prevenci\u00f3n y manejo de la enfermedad oncol\u00f3gica como parte de su programa docente que lleva a cabo desde hace 17 a\u00f1os. Lo hizo a prop\u00f3sito de cumplirse 30 a\u00f1os del descubrimiento del primer oncog\u00e9n humano y de la posible relaci\u00f3n causal de los genes con el c\u00e1ncer en c\u00e9lulas humanas. Ello abri\u00f3 un campo muy importante para la posible manipulaci\u00f3n del genoma casi a voluntad y la investigaci\u00f3n de la existencia de algo com\u00fan en el genoma de los enfermos de un tipo determinado de c\u00e1ncer que los predispone a padecerlo. En esta ocasi\u00f3n reuni\u00f3 a un grupo de distinguidos especialistas en temas relacionados con el c\u00e1ncer tanto infantil como de adultos para revisar los aspectos gen\u00e9ticos, las nuevas posibilidades terap\u00e9uticas que se abren con el descubrimiento del genoma humano y la Nanotecnolog\u00eda, el valor de las Unidades de Hospitalizaci\u00f3n domiciliarias, los problemas de los supervivientes, la necesidad del desarrollo de los cuidados paliativos cuando la curaci\u00f3n no es posible, el tratamiento del dolor, la limitaci\u00f3n del esfuerzo terap\u00e9utico, la esperanza y dignidad en el paciente oncol\u00f3gico, la felicidad y el sufrimiento y la solidaridad internacional en paliativos y alivio del dolor. Se han reunido en este libro todas estas y otras aportaciones muy valiosas de diversos compa\u00f1eros de otras comunidades espa\u00f1olas a fin de configurar un texto de estudio que ofrezca a los equipos de Atenci\u00f3n Primaria una visi\u00f3n global del problema.<\/p>\n<p>Los cap\u00edtulos de este libro son los siguientes:<\/p>\n<ol>\n<li>LA ONCOLOG\u00cdA Y EL PAPEL DE A.P. EN LA PREVENCI\u00d3N Y SEGUIMIENTO  TUMORAL<\/li>\n<li>LA IMPORTANCIA DE LOS PROGRAMAS DE DIAGN\u00d3STICO R\u00c1PIDO EN EL C\u00c1NCER  DE MAMA Y COLON<\/li>\n<li>LA GEN\u00c9TICA EN EL C\u00c1NCER<\/li>\n<li>MANIFESTACIONES EXTERNAS DE LAS ENFERMEDADES ONCOL\u00d3GICAS<\/li>\n<li>C\u00c1NCER Y SISTEMA NERVIOSO. TUMORES CEREBRALES PRIMITIVOS Y  COMPLICACIONES NEUROL\u00d3GICAS DEL C\u00c1NCER<\/li>\n<li>C\u00c1NCER DE PULM\u00d3N. PREVENCI\u00d3N, DIAGN\u00d3STICO Y TRATAMIENTO<\/li>\n<li>NOVEDADES EN EL DIAGN\u00d3STICO Y TRATAMIENTO DEL C\u00c1NCER DE MAMA<\/li>\n<li>UTILIZACI\u00d3N DE NANOPART\u00cdCULAS MET\u00c1LICAS EN EL TRATAMIENTO DE  C\u00c1NCERES LOCALIZADOS<\/li>\n<li>C\u00c1NCER DE EST\u00d3MAGO Y DE INTESTINO GRUESO: PREVENCI\u00d3N Y TRATAMIENTO<\/li>\n<li>POSIBILIDADES Y L\u00cdMITES DE LA CIRUG\u00cdA EN LOS TUMORES ABDOMINALES<\/li>\n<li>EL HOSPITAL DE D\u00cdA Y LA HOSPITALIZACI\u00d3N DOMICILIARIA EN EL  TRATAMIENTO ONCOL\u00d3GICO Y LA PALIACI\u00d3N<\/li>\n<li>TRATAMIENTO DEL DOLOR ONCOL\u00d3GICO INTENSO<\/li>\n<li>EL C\u00c1NCER EN EL NI\u00d1O. REALIDAD ACTUAL Y EXPECTATIVAS<\/li>\n<li>EL NI\u00d1O CON C\u00c1NCER Y LOS SUPERIVIVIENTES.LA SUPERACI\u00d3N DE UNA  NUEVA OPORTUNIDAD<\/li>\n<li>ORGANIZACI\u00d3N DE UNA UNIDAD DE CUIDADOS PALIATIVOS PEDI\u00c1TRICOS EN  AL COMUNIDAD DE MADRID<\/li>\n<li>EL C\u00c1NCER EN UN ANCIANO. CARACTER\u00cdSTICAS Y NECESIDADES ESPECIALES<\/li>\n<li>NECESIDADES EMOCIONALES EN EL PACIENTE CON C\u00c1NCER<\/li>\n<li>CURADOS DE C\u00c1NCER. LA SUPERACI\u00d3N Y UNA NUEVA OPORTUNIDAD. LA  NECESIDAD DE UNIDADES ESPECIALES DE APOYO.<\/li>\n<li>EL APOYO AL CUIDADOR DEL ENFERMO ONCOL\u00d3GICO<\/li>\n<li>CUIDADOS PALIATIVOS EN AFRICA<\/li>\n<li>LA LIMITACI\u00d3N DEL ESFUERZO TERAP\u00c9UTICO<\/li>\n<li>QU\u00c9 HACER CUANDO LA CURACI\u00d3N NO ES POSIBLE PAPEL DE LOS CUIDADOS  PALIATIVOS<\/li>\n<li>ESPERANZA Y DIGNIDAD EN EL PACIENTE ONCOL\u00d3GICO<\/li>\n<li>SOBRE LA FELICIDAD Y EL SUFRIMIENTO<\/li>\n<li>PERSPECTIVA DE LA OMS PARA EL DESARROLLO DE CUIDADOS PALIATIVOS EN  EL CONTEXTO DE PROGRAMA DE CONTROL DE C\u00c1NCER EN PA\u00cdSES EN V\u00cdAS DE DESARROLLO<\/li>\n<li>DERECHOS E \u00cdNDICE FINAL<\/li>\n<\/ol>\n","protected":false},"excerpt":{"rendered":"<p>Manejo del c\u00e1ncer en atenci\u00f3n primaria La Sociedad Vasca de Cuidados Paliativos (SOVPAL) consciente de la necesidad de promover una mejor cultura sobre el c\u00e1ncer en Atenci\u00f3n Primaria organiz\u00f3 en San Sebasti\u00e1n en febrero de 2009, un simposio sobre la Prevenci\u00f3n y manejo de la enfermedad oncol\u00f3gica como parte de su programa docente que lleva [&hellip;]<\/p>\n","protected":false},"author":126,"featured_media":0,"comment_status":"closed","ping_status":"closed","sticky":false,"template":"","format":"standard","meta":[],"categories":[296,66,1026,3,11,22,4],"tags":[],"_links":{"self":[{"href":"https:\/\/blogs.sld.cu\/marionod\/wp-json\/wp\/v2\/posts\/17812"}],"collection":[{"href":"https:\/\/blogs.sld.cu\/marionod\/wp-json\/wp\/v2\/posts"}],"about":[{"href":"https:\/\/blogs.sld.cu\/marionod\/wp-json\/wp\/v2\/types\/post"}],"author":[{"embeddable":true,"href":"https:\/\/blogs.sld.cu\/marionod\/wp-json\/wp\/v2\/users\/126"}],"replies":[{"embeddable":true,"href":"https:\/\/blogs.sld.cu\/marionod\/wp-json\/wp\/v2\/comments?post=17812"}],"version-history":[{"count":0,"href":"https:\/\/blogs.sld.cu\/marionod\/wp-json\/wp\/v2\/posts\/17812\/revisions"}],"wp:attachment":[{"href":"https:\/\/blogs.sld.cu\/marionod\/wp-json\/wp\/v2\/media?parent=17812"}],"wp:term":[{"taxonomy":"category","embeddable":true,"href":"https:\/\/blogs.sld.cu\/marionod\/wp-json\/wp\/v2\/categories?post=17812"},{"taxonomy":"post_tag","embeddable":true,"href":"https:\/\/blogs.sld.cu\/marionod\/wp-json\/wp\/v2\/tags?post=17812"}],"curies":[{"name":"wp","href":"https:\/\/api.w.org\/{rel}","templated":true}]}}