{"id":1786,"date":"2008-11-07T12:53:42","date_gmt":"2008-11-07T16:53:42","guid":{"rendered":"http:\/\/blogviejo.sld.cu\/marionod\/2008\/11\/07\/medilinksorg-africa-country-profiles\/"},"modified":"2008-11-07T12:53:42","modified_gmt":"2008-11-07T16:53:42","slug":"medilinksorg-africa-country-profiles","status":"publish","type":"post","link":"https:\/\/blogs.sld.cu\/marionod\/2008\/11\/07\/medilinksorg-africa-country-profiles\/","title":{"rendered":"MEDILINKS.ORG. Africa Country Profiles"},"content":{"rendered":"<p align=\"left\"><a target=\"_blank\" href=\"http:\/\/medilinkz.org\/Country\/Profiles.asp\">MEDILINKS.ORG. Africa Country Profiles<\/a><\/p>\n<p align=\"left\">Este sitio es un recurso en l\u00ednea que brinda informaci\u00f3n m\u00e9dica y relacionada con la salud de forma exacta, concisa y\u00a0relevante para Africa. Est\u00e1 propuesto para los doctores, profesionales de la salud, pol\u00edticos y\u00a0para quienes toman decisiones en los campos de la salud y todos los grupos de personas quienes tienen la necesidad o inter\u00e9s de mantenerse informados y actualizados acerca de las m\u00faltiples \u00e1reas de la medicina y la salud p\u00fablica concerniente a Africa por lo que intenta promover debates informados e intercambios de informaci\u00f3n entre africanos por la publicaci\u00f3n de art\u00edculos acerca de los problemas de salud que encara\u00a0Africa. Cada edici\u00f3n se enfocar\u00e1 sobre problemas particulares de salud que encaran los pa\u00edses de Africa como un todo. Los t\u00f3picos que incluir\u00e1 son\u00a0VIH\/Sida, Malaria, Tubercu\u00f3sis, Enfermedades de la ni\u00f1ez,\u00a0Condiciones maternas y perinatales, as\u00ed como temas\u00a0ambientales y socioecon\u00f3micos. Idioma ingl\u00e9s<\/p>\n","protected":false},"excerpt":{"rendered":"<p>MEDILINKS.ORG. Africa Country Profiles Este sitio es un recurso en l\u00ednea que brinda informaci\u00f3n m\u00e9dica y relacionada con la salud de forma exacta, concisa y\u00a0relevante para Africa. Est\u00e1 propuesto para los doctores, profesionales de la salud, pol\u00edticos y\u00a0para quienes toman decisiones en los campos de la salud y todos los grupos de personas quienes tienen [&hellip;]<\/p>\n","protected":false},"author":126,"featured_media":0,"comment_status":"open","ping_status":"open","sticky":false,"template":"","format":"standard","meta":[],"categories":[62,63,408,97],"tags":[],"_links":{"self":[{"href":"https:\/\/blogs.sld.cu\/marionod\/wp-json\/wp\/v2\/posts\/1786"}],"collection":[{"href":"https:\/\/blogs.sld.cu\/marionod\/wp-json\/wp\/v2\/posts"}],"about":[{"href":"https:\/\/blogs.sld.cu\/marionod\/wp-json\/wp\/v2\/types\/post"}],"author":[{"embeddable":true,"href":"https:\/\/blogs.sld.cu\/marionod\/wp-json\/wp\/v2\/users\/126"}],"replies":[{"embeddable":true,"href":"https:\/\/blogs.sld.cu\/marionod\/wp-json\/wp\/v2\/comments?post=1786"}],"version-history":[{"count":0,"href":"https:\/\/blogs.sld.cu\/marionod\/wp-json\/wp\/v2\/posts\/1786\/revisions"}],"wp:attachment":[{"href":"https:\/\/blogs.sld.cu\/marionod\/wp-json\/wp\/v2\/media?parent=1786"}],"wp:term":[{"taxonomy":"category","embeddable":true,"href":"https:\/\/blogs.sld.cu\/marionod\/wp-json\/wp\/v2\/categories?post=1786"},{"taxonomy":"post_tag","embeddable":true,"href":"https:\/\/blogs.sld.cu\/marionod\/wp-json\/wp\/v2\/tags?post=1786"}],"curies":[{"name":"wp","href":"https:\/\/api.w.org\/{rel}","templated":true}]}}