{"id":18405,"date":"2011-11-14T18:56:45","date_gmt":"2011-11-14T22:56:45","guid":{"rendered":"http:\/\/blogviejo.sld.cu\/marionod\/?p=18405"},"modified":"2011-11-14T18:56:45","modified_gmt":"2011-11-14T22:56:45","slug":"meta-analisis-comunicacion-cientifica-y-periodismo-cientifico","status":"publish","type":"post","link":"https:\/\/blogs.sld.cu\/marionod\/2011\/11\/14\/meta-analisis-comunicacion-cientifica-y-periodismo-cientifico\/","title":{"rendered":"Meta an\u00e1lisis: Comunicaci\u00f3n Cient\u00edfica y Periodismo Cient\u00edfico"},"content":{"rendered":"<p><a href=\"http:\/\/www.occ.upf.edu\/img\/imatges_cms\/metanalisis.pdf\" target=\"_blank\">Meta an\u00e1lisis: Comunicaci\u00f3n Cient\u00edfica y Periodismo Cient\u00edfico <\/a><\/p>\n<p>En mayo de 2010 y en el marco de la Presidencia Espa\u00f1ola de la Uni\u00f3n Europea, la Fundaci\u00f3n Espa\u00f1ola de Ciencia y Tecnolog\u00eda (FECYT) organiz\u00f3 en la Casa Encendida de Madrid el Media for Science Forum, con la colaboraci\u00f3n de la Asociaci\u00f3n Espa\u00f1ola de Comunicaci\u00f3n Cient\u00edfica, el Observatorio de la Comunicaci\u00f3n Cient\u00edfica de la Universidad Pompeu Fabra (Barcelona) y la Uni\u00f3n Europea de Periodistas Cient\u00edficos, foro que cont\u00f3 adem\u00e1s con el apoyo de la Comisi\u00f3n Europea y el diario P\u00fablico.<\/p>\n<p>Media for Science Forum fue un lugar de encuentro de expertos europeos, y especialmente espa\u00f1oles, para la reflexi\u00f3n, an\u00e1lisis y debate sobre la intersecci\u00f3n comunicativa entre ciencia y sociedad, con especial atenci\u00f3n a los problemas y retos que tiene planteado el periodismo cient\u00edfico en la era del conocimiento.<\/p>\n<p>Por encargo de la FECYT, el director del Observatorio de la Comunicaci\u00f3n Cient\u00edfica (UPF), Vladimir de Semir, prepar\u00f3 un meta-an\u00e1lisis sobre la situaci\u00f3n y evoluci\u00f3n de los medios de comunicaci\u00f3n en el contexto de la revoluci\u00f3n tecnol\u00f3gica, conceptual y social que internet inyecta en todo el sistema comunicativo, as\u00ed como sobre su incidencia en la relaci\u00f3n entre la comunicaci\u00f3n cient\u00edfica y la sociedad.<\/p>\n<p>Esta publicaci\u00f3n en lengua inglesaI sirvi\u00f3 como documento de trabajo para centrar los temas del Media For Science Forum y como punto de partida para un estudio m\u00e1s profundo de la actual evoluci\u00f3n del mundo de la comunicaci\u00f3n y periodismo cient\u00edficos, ya que se nutri\u00f3 de muchas y diversas fuentes accesibles desde las referencias on line del informe.<\/p>\n<p>Por su inter\u00e9s, y con la inclusi\u00f3n de las conclusiones y recomendaciones del Media For Science Forum, la FECYT estima que puede ser \u00fatil su publicaci\u00f3n y puesta al d\u00eda en lengua espa\u00f1ola con destino a la comunidad cient\u00edfica y profesionales de la comunicaci\u00f3n&lt;br y periodismo cient\u00edficos del mundo iberoamericano. La presente publicaci\u00f3n ha sido asimismo adaptada con nuevas fuentes y referencias por lo que constituye una versi\u00f3n ampliada y actualizada respecto al documento original.<\/p>\n","protected":false},"excerpt":{"rendered":"<p>Meta an\u00e1lisis: Comunicaci\u00f3n Cient\u00edfica y Periodismo Cient\u00edfico En mayo de 2010 y en el marco de la Presidencia Espa\u00f1ola de la Uni\u00f3n Europea, la Fundaci\u00f3n Espa\u00f1ola de Ciencia y Tecnolog\u00eda (FECYT) organiz\u00f3 en la Casa Encendida de Madrid el Media for Science Forum, con la colaboraci\u00f3n de la Asociaci\u00f3n Espa\u00f1ola de Comunicaci\u00f3n Cient\u00edfica, el Observatorio [&hellip;]<\/p>\n","protected":false},"author":126,"featured_media":0,"comment_status":"closed","ping_status":"closed","sticky":false,"template":"","format":"standard","meta":[],"categories":[1710,348],"tags":[],"_links":{"self":[{"href":"https:\/\/blogs.sld.cu\/marionod\/wp-json\/wp\/v2\/posts\/18405"}],"collection":[{"href":"https:\/\/blogs.sld.cu\/marionod\/wp-json\/wp\/v2\/posts"}],"about":[{"href":"https:\/\/blogs.sld.cu\/marionod\/wp-json\/wp\/v2\/types\/post"}],"author":[{"embeddable":true,"href":"https:\/\/blogs.sld.cu\/marionod\/wp-json\/wp\/v2\/users\/126"}],"replies":[{"embeddable":true,"href":"https:\/\/blogs.sld.cu\/marionod\/wp-json\/wp\/v2\/comments?post=18405"}],"version-history":[{"count":0,"href":"https:\/\/blogs.sld.cu\/marionod\/wp-json\/wp\/v2\/posts\/18405\/revisions"}],"wp:attachment":[{"href":"https:\/\/blogs.sld.cu\/marionod\/wp-json\/wp\/v2\/media?parent=18405"}],"wp:term":[{"taxonomy":"category","embeddable":true,"href":"https:\/\/blogs.sld.cu\/marionod\/wp-json\/wp\/v2\/categories?post=18405"},{"taxonomy":"post_tag","embeddable":true,"href":"https:\/\/blogs.sld.cu\/marionod\/wp-json\/wp\/v2\/tags?post=18405"}],"curies":[{"name":"wp","href":"https:\/\/api.w.org\/{rel}","templated":true}]}}