{"id":20830,"date":"2012-03-08T21:52:17","date_gmt":"2012-03-09T01:52:17","guid":{"rendered":"http:\/\/blogviejo.sld.cu\/marionod\/?p=20830"},"modified":"2012-03-08T21:52:17","modified_gmt":"2012-03-09T01:52:17","slug":"informe-sobre-la-epilepsia-en-latinoamerica","status":"publish","type":"post","link":"https:\/\/blogs.sld.cu\/marionod\/2012\/03\/08\/informe-sobre-la-epilepsia-en-latinoamerica\/","title":{"rendered":"Informe sobre la Epilepsia en Latinoamerica"},"content":{"rendered":"<p><a href=\"http:\/\/www.ibe-epilepsy.org\/downloads\/Latin%20American%20Regional%20Report%20Spanish.pdf\" target=\"_blank\">Informe sobre la Epilepsia en Latinoamerica<\/a><\/p>\n<p>Este informe es un documento t\u00e9cnico sobre la situaci\u00f3n de la epilepsia a  nivel regional de las Am\u00e9ricas, que fue promovido por la Organizaci\u00f3n  Panamericana de la Salud, el Departamento de Salud Mental y Abuso de Sustancias  de la Organizaci\u00f3n Mundial de la Salud (OMS), la Liga  Internacional Contra la Epilepsia (ILAE) y el <a href=\"http:\/\/www.ibe-epilepsy.org\/\" target=\"_blank\">Bur\u00f3  Internacional para la Epilepsia (IBE)<\/a>. El informe fue coordinado por el Dr. Carlos Acevedo. La revisi\u00f3n t\u00e9cnica fue  realizada por el Dr. V\u00edctor Aparicio Basauri, asesor subregional de salud  mental, para Centroam\u00e9rica, Caribe hispano, M\u00e9xico (OPS\/OMS).<\/p>\n<p>La edici\u00f3n fue promovida por el proyecto de salud mental, discapacidad y  rehabilitaci\u00f3n de la Organizaci\u00f3n Panamericana de la Salud\/Organizaci\u00f3n Mundial  de la Salud y el Departamento de Salud Mental y Abuso de Sustancias de la  Organizaci\u00f3n Mundial de la Salud .<\/p>\n","protected":false},"excerpt":{"rendered":"<p>Informe sobre la Epilepsia en Latinoamerica Este informe es un documento t\u00e9cnico sobre la situaci\u00f3n de la epilepsia a nivel regional de las Am\u00e9ricas, que fue promovido por la Organizaci\u00f3n Panamericana de la Salud, el Departamento de Salud Mental y Abuso de Sustancias de la Organizaci\u00f3n Mundial de la Salud (OMS), la Liga Internacional Contra [&hellip;]<\/p>\n","protected":false},"author":126,"featured_media":0,"comment_status":"closed","ping_status":"closed","sticky":false,"template":"","format":"standard","meta":[],"categories":[373,668,402,13,264],"tags":[],"_links":{"self":[{"href":"https:\/\/blogs.sld.cu\/marionod\/wp-json\/wp\/v2\/posts\/20830"}],"collection":[{"href":"https:\/\/blogs.sld.cu\/marionod\/wp-json\/wp\/v2\/posts"}],"about":[{"href":"https:\/\/blogs.sld.cu\/marionod\/wp-json\/wp\/v2\/types\/post"}],"author":[{"embeddable":true,"href":"https:\/\/blogs.sld.cu\/marionod\/wp-json\/wp\/v2\/users\/126"}],"replies":[{"embeddable":true,"href":"https:\/\/blogs.sld.cu\/marionod\/wp-json\/wp\/v2\/comments?post=20830"}],"version-history":[{"count":0,"href":"https:\/\/blogs.sld.cu\/marionod\/wp-json\/wp\/v2\/posts\/20830\/revisions"}],"wp:attachment":[{"href":"https:\/\/blogs.sld.cu\/marionod\/wp-json\/wp\/v2\/media?parent=20830"}],"wp:term":[{"taxonomy":"category","embeddable":true,"href":"https:\/\/blogs.sld.cu\/marionod\/wp-json\/wp\/v2\/categories?post=20830"},{"taxonomy":"post_tag","embeddable":true,"href":"https:\/\/blogs.sld.cu\/marionod\/wp-json\/wp\/v2\/tags?post=20830"}],"curies":[{"name":"wp","href":"https:\/\/api.w.org\/{rel}","templated":true}]}}