{"id":21303,"date":"2012-04-12T11:58:14","date_gmt":"2012-04-12T15:58:14","guid":{"rendered":"http:\/\/blogviejo.sld.cu\/marionod\/?p=21303"},"modified":"2012-04-12T11:58:14","modified_gmt":"2012-04-12T15:58:14","slug":"sadaf-naz-hearing-loss-intech-march-2012","status":"publish","type":"post","link":"https:\/\/blogs.sld.cu\/marionod\/2012\/04\/12\/sadaf-naz-hearing-loss-intech-march-2012\/","title":{"rendered":"Sadaf Naz. Hearing Loss. InTech, March, 2012"},"content":{"rendered":"<p><a href=\"http:\/\/www.intechopen.com\/books\/hearing-loss\" target=\"_blank\">Sadaf Naz. Hearing Loss. InTech, March, 2012<\/a><\/p>\n<p>Libro a texto completo de la editorial InTech. Escrito por 17 investigadores internacionales y equipos de investigaci\u00f3n, el libro proporciona actualizaciones de puntos de vista sobre temas en cinco diferentes \u00e1reas de investigaci\u00f3n relacionadas con la audici\u00f3n normal y la sordera. Se presentan las t\u00e9cnicas para la evaluaci\u00f3n de la audici\u00f3n y la adecuaci\u00f3n de los gerbil de Mongolia como un modelo para la p\u00e9rdida de audici\u00f3n dependiente de la edad en humanos . Actitudes de los padres a la sordera infantil y el papel de la intervenci\u00f3n temprana para un mejor tratamiento de la p\u00e9rdida de la audici\u00f3n tambi\u00e9n se discuten. Los detalles completos se proporcionan en el papel de las diferentes agresiones ambientales, incluyendo lesiones en la causa de la sordera. Adem\u00e1s, muchos genes implicados en la p\u00e9rdida de audici\u00f3n son revisados \u200b\u200by la gen\u00e9tica de la herencia recesiva de moderada a severa y la sordera progresiva est\u00e1 cubierto por primera vez. El libro tambi\u00e9n detalla las las terapias establecidas y la evoluci\u00f3n del tratamiento de la sordera. Idioma: ingl\u00e9s<\/p>\n","protected":false},"excerpt":{"rendered":"<p>Sadaf Naz. Hearing Loss. InTech, March, 2012 Libro a texto completo de la editorial InTech. Escrito por 17 investigadores internacionales y equipos de investigaci\u00f3n, el libro proporciona actualizaciones de puntos de vista sobre temas en cinco diferentes \u00e1reas de investigaci\u00f3n relacionadas con la audici\u00f3n normal y la sordera. Se presentan las t\u00e9cnicas para la evaluaci\u00f3n [&hellip;]<\/p>\n","protected":false},"author":126,"featured_media":0,"comment_status":"closed","ping_status":"closed","sticky":false,"template":"","format":"standard","meta":[],"categories":[244,396,397,1578,3,11,362,102,167,1386,478,4],"tags":[],"_links":{"self":[{"href":"https:\/\/blogs.sld.cu\/marionod\/wp-json\/wp\/v2\/posts\/21303"}],"collection":[{"href":"https:\/\/blogs.sld.cu\/marionod\/wp-json\/wp\/v2\/posts"}],"about":[{"href":"https:\/\/blogs.sld.cu\/marionod\/wp-json\/wp\/v2\/types\/post"}],"author":[{"embeddable":true,"href":"https:\/\/blogs.sld.cu\/marionod\/wp-json\/wp\/v2\/users\/126"}],"replies":[{"embeddable":true,"href":"https:\/\/blogs.sld.cu\/marionod\/wp-json\/wp\/v2\/comments?post=21303"}],"version-history":[{"count":0,"href":"https:\/\/blogs.sld.cu\/marionod\/wp-json\/wp\/v2\/posts\/21303\/revisions"}],"wp:attachment":[{"href":"https:\/\/blogs.sld.cu\/marionod\/wp-json\/wp\/v2\/media?parent=21303"}],"wp:term":[{"taxonomy":"category","embeddable":true,"href":"https:\/\/blogs.sld.cu\/marionod\/wp-json\/wp\/v2\/categories?post=21303"},{"taxonomy":"post_tag","embeddable":true,"href":"https:\/\/blogs.sld.cu\/marionod\/wp-json\/wp\/v2\/tags?post=21303"}],"curies":[{"name":"wp","href":"https:\/\/api.w.org\/{rel}","templated":true}]}}