{"id":21322,"date":"2012-04-12T18:38:43","date_gmt":"2012-04-12T22:38:43","guid":{"rendered":"http:\/\/blogviejo.sld.cu\/marionod\/?p=21322"},"modified":"2012-04-12T18:38:43","modified_gmt":"2012-04-12T22:38:43","slug":"vishal-madan-basal-cell-carcinoma-intech-march-2012","status":"publish","type":"post","link":"https:\/\/blogs.sld.cu\/marionod\/2012\/04\/12\/vishal-madan-basal-cell-carcinoma-intech-march-2012\/","title":{"rendered":"Vishal Madan. Basal Cell Carcinoma. InTech, March, 2012"},"content":{"rendered":"<p><a href=\"http:\/\/www.intechopen.com\/books\/basal-cell-carcinoma\" target=\"_blank\">Vishal Madan. Basal Cell Carcinoma. InTech, March, 2012<\/a><\/p>\n<p>Libro a texto completo de la editorial InTech.<span lang=\"es\"> El carcinoma basocelular es la neoplasia cut\u00e1nea m\u00e1s frecuente. <\/span><span lang=\"es\">La \u00faltima d\u00e9cada ha  sido testigo de la investigaci\u00f3n exponencial que ha ampliado nuestra comprensi\u00f3n de  la patog\u00e9nesis de los carcinomas de c\u00e9lulas basales. <\/span><span lang=\"es\">Esto tambi\u00e9n es importante desde un punto de  vista terap\u00e9utico como enfoque selectivo a la terapia ahora est\u00e1 siendo cada vez  m\u00e1s experimentado. <\/span><span lang=\"es\">Aunque es imposible condensar y presentar toda la investigaci\u00f3n  buena en un libro, los autores han sido encomendados para presentar sus investigaciones  sobre diversos aspectos del carcinoma basocelular de manera sucinta, lo cual no s\u00f3lo mejorar\u00e1 nuestra comprensi\u00f3n de este, pero tambi\u00e9n esperan que a trav\u00e9s de este  intercambio abierto de ideas preparar formas de terapia dirigida con \u00e9xito all  c\u00e1ncer humano m\u00e1s frecuente. Idioma: ingl\u00e9s<br \/>\n<\/span><\/p>\n","protected":false},"excerpt":{"rendered":"<p>Vishal Madan. Basal Cell Carcinoma. InTech, March, 2012 Libro a texto completo de la editorial InTech. El carcinoma basocelular es la neoplasia cut\u00e1nea m\u00e1s frecuente. La \u00faltima d\u00e9cada ha sido testigo de la investigaci\u00f3n exponencial que ha ampliado nuestra comprensi\u00f3n de la patog\u00e9nesis de los carcinomas de c\u00e9lulas basales. Esto tambi\u00e9n es importante desde un [&hellip;]<\/p>\n","protected":false},"author":126,"featured_media":0,"comment_status":"closed","ping_status":"closed","sticky":false,"template":"","format":"standard","meta":[],"categories":[66,1853,181,11,142],"tags":[],"_links":{"self":[{"href":"https:\/\/blogs.sld.cu\/marionod\/wp-json\/wp\/v2\/posts\/21322"}],"collection":[{"href":"https:\/\/blogs.sld.cu\/marionod\/wp-json\/wp\/v2\/posts"}],"about":[{"href":"https:\/\/blogs.sld.cu\/marionod\/wp-json\/wp\/v2\/types\/post"}],"author":[{"embeddable":true,"href":"https:\/\/blogs.sld.cu\/marionod\/wp-json\/wp\/v2\/users\/126"}],"replies":[{"embeddable":true,"href":"https:\/\/blogs.sld.cu\/marionod\/wp-json\/wp\/v2\/comments?post=21322"}],"version-history":[{"count":0,"href":"https:\/\/blogs.sld.cu\/marionod\/wp-json\/wp\/v2\/posts\/21322\/revisions"}],"wp:attachment":[{"href":"https:\/\/blogs.sld.cu\/marionod\/wp-json\/wp\/v2\/media?parent=21322"}],"wp:term":[{"taxonomy":"category","embeddable":true,"href":"https:\/\/blogs.sld.cu\/marionod\/wp-json\/wp\/v2\/categories?post=21322"},{"taxonomy":"post_tag","embeddable":true,"href":"https:\/\/blogs.sld.cu\/marionod\/wp-json\/wp\/v2\/tags?post=21322"}],"curies":[{"name":"wp","href":"https:\/\/api.w.org\/{rel}","templated":true}]}}