{"id":21893,"date":"2012-05-28T19:07:00","date_gmt":"2012-05-28T23:07:00","guid":{"rendered":"http:\/\/blogviejo.sld.cu\/marionod\/?p=21893"},"modified":"2012-05-28T19:07:00","modified_gmt":"2012-05-28T23:07:00","slug":"criterios-diagnosticos-en-alergia-e-inmunologia-clinica","status":"publish","type":"post","link":"https:\/\/blogs.sld.cu\/marionod\/2012\/05\/28\/criterios-diagnosticos-en-alergia-e-inmunologia-clinica\/","title":{"rendered":"Criterios diagn\u00f3sticos en Alergia e Inmunolog\u00eda Cl\u00ednica"},"content":{"rendered":"<p><a href=\"http:\/\/www.seaic.org\/profesionales\/criterios-diagnosticos\" target=\"_blank\">Criterios diagn\u00f3sticos en Alergolog\u00eda e Inmunolog\u00eda Cl\u00ednica<\/a><\/p>\n<p>La <a href=\"http:\/\/www.seaic.org\/\" target=\"_blank\">Sociedad Espa\u00f1ola de Alergolog\u00eda e Inmunolog\u00eda Cl\u00ednica<\/a> ha publicado este recurso informativoque abaaca una serie de criterios diagn\u00f3sticos publicados en la literatura sobre diferentes enfermedades inmunol\u00f3gicas y al\u00e9rgicas. Entre las enfermedades que baraca para su diagn\u00f3stico se encuentran:<\/p>\n<ul>\n<li>Anafilaxia<\/li>\n<li>Asma y procesos afines<\/li>\n<li>Otros procesos bronquiales<\/li>\n<li>Alveolitis al\u00e9rgicas<\/li>\n<li>Eosinofilias pulmonares<\/li>\n<li>Dermatitis at\u00f3pica<\/li>\n<li>S\u00edndromes urticariales<\/li>\n<li>Vasculitis cut\u00e1neas<\/li>\n<li>S\u00edndromes por f\u00e1rmacos<\/li>\n<li>S\u00edndrome hipereosinof\u00edlico<\/li>\n<li>Mastocitosis sist\u00e9mica<\/li>\n<li>Deficiencias de C1 inhibidor<\/li>\n<\/ul>\n<p><strong>Los criterios  diagn\u00f3sticos<\/strong> son una serie descriptiva de signos y s\u00edntomas que  hacen posible una aproximaci\u00f3n en el diagn\u00f3stico de una enfermedad para la que  no se describen datos patognom\u00f3nicos. En general aparecen como propuesta de un  autor a partir del estudio de una serie de casos, aunque muchos criterios han  sido desarrollados por un grupo de trabajo o un comit\u00e9 de expertos destinado a  tal fin.<\/p>\n<p>Dada la diversidad de manifestaciones de las enfermedades mediadas por el  sistema inmune, en muchos casos es necesario disponer de unos criterios  diagn\u00f3sticos. Estos criterios no tienen otro objetivo que proporcionar una  orientaci\u00f3n diagn\u00f3stica, ya que pueden variar dependiendo del contexto en que se  utilizan y modificarse seg\u00fan aumentan los conocimientos sobre las enfermedades o  surgen nuevas t\u00e9cnicas complementarias de diagn\u00f3stico.<\/p>\n","protected":false},"excerpt":{"rendered":"<p>Criterios diagn\u00f3sticos en Alergolog\u00eda e Inmunolog\u00eda Cl\u00ednica La Sociedad Espa\u00f1ola de Alergolog\u00eda e Inmunolog\u00eda Cl\u00ednica ha publicado este recurso informativoque abaaca una serie de criterios diagn\u00f3sticos publicados en la literatura sobre diferentes enfermedades inmunol\u00f3gicas y al\u00e9rgicas. Entre las enfermedades que baraca para su diagn\u00f3stico se encuentran: Anafilaxia Asma y procesos afines Otros procesos bronquiales Alveolitis [&hellip;]<\/p>\n","protected":false},"author":126,"featured_media":0,"comment_status":"closed","ping_status":"closed","sticky":false,"template":"","format":"standard","meta":[],"categories":[306,365,3,547,305,571,22],"tags":[],"_links":{"self":[{"href":"https:\/\/blogs.sld.cu\/marionod\/wp-json\/wp\/v2\/posts\/21893"}],"collection":[{"href":"https:\/\/blogs.sld.cu\/marionod\/wp-json\/wp\/v2\/posts"}],"about":[{"href":"https:\/\/blogs.sld.cu\/marionod\/wp-json\/wp\/v2\/types\/post"}],"author":[{"embeddable":true,"href":"https:\/\/blogs.sld.cu\/marionod\/wp-json\/wp\/v2\/users\/126"}],"replies":[{"embeddable":true,"href":"https:\/\/blogs.sld.cu\/marionod\/wp-json\/wp\/v2\/comments?post=21893"}],"version-history":[{"count":0,"href":"https:\/\/blogs.sld.cu\/marionod\/wp-json\/wp\/v2\/posts\/21893\/revisions"}],"wp:attachment":[{"href":"https:\/\/blogs.sld.cu\/marionod\/wp-json\/wp\/v2\/media?parent=21893"}],"wp:term":[{"taxonomy":"category","embeddable":true,"href":"https:\/\/blogs.sld.cu\/marionod\/wp-json\/wp\/v2\/categories?post=21893"},{"taxonomy":"post_tag","embeddable":true,"href":"https:\/\/blogs.sld.cu\/marionod\/wp-json\/wp\/v2\/tags?post=21893"}],"curies":[{"name":"wp","href":"https:\/\/api.w.org\/{rel}","templated":true}]}}