{"id":21902,"date":"2012-05-28T21:15:24","date_gmt":"2012-05-29T01:15:24","guid":{"rendered":"http:\/\/blogviejo.sld.cu\/marionod\/?p=21902"},"modified":"2012-05-28T21:15:24","modified_gmt":"2012-05-29T01:15:24","slug":"atoz-novas-praticas-em-informacao-e-conhecimento","status":"publish","type":"post","link":"https:\/\/blogs.sld.cu\/marionod\/2012\/05\/28\/atoz-novas-praticas-em-informacao-e-conhecimento\/","title":{"rendered":"AtoZ : Novas Pr\u00e1ticas em Informa\u00e7\u00e3o e Conhecimento"},"content":{"rendered":"<p><a href=\"http:\/\/www.atoz.ufpr.br\/\" target=\"_blank\">AtoZ : Novas Pr\u00e1ticas em Informa\u00e7\u00e3o e Conhecimento<\/a><\/p>\n<p>Revista a texto completo y arbitrada que es una publicaci\u00f3n peri\u00f3dica semestral del curso de gesti\u00f3n de la informaci\u00f3n de la Universidad Federal de Paran\u00e1.<br \/>\nSus objetivos son:<\/p>\n<ul>\n<li>Priorizar  y divulgar libre y gratuitamente los resultados investigaciones que\u00a0  representan el estado del arte de la ciencia, gesti\u00f3n y tecnolog\u00eda de  la informaci\u00f3n y el conocimiento.<\/li>\n<li>Contribuir  a la visibilidad de los investigadores j\u00f3venes que tienen dificultades  en su primera publicaci\u00f3n en las \u00e1reas de gesti\u00f3n de la informaci\u00f3n y el conocimiento.<\/li>\n<\/ul>\n<p>La revista considera como nuevas pr\u00e1cticas de informaci\u00f3n y  el conocimiento los enfoques innovadores e interdisciplinarios en (y entre) las \u00e1reas  de ciencias de la informaci\u00f3n, gesti\u00f3n y tecnolog\u00eda y otros  relacionados.<\/p>\n<p>Su ambito de aplicaci\u00f3n y temas de inter\u00e9s son:<\/p>\n<ul>\n<li>Estudios cualitativos y cuantitativos orientados a la informaci\u00f3n y el conocimiento;<\/li>\n<li>El esp\u00edritu empresarial en el \u00e1rea de informaci\u00f3n y conocimientos (productos, servicios, actividades);<\/li>\n<li>Econom\u00eda de la informaci\u00f3n y el conocimiento;<\/li>\n<li>Gesti\u00f3n de informaci\u00f3n y el conocimiento en el sector p\u00fablico, privado o de terceros;<\/li>\n<li>La pol\u00edtica y la gobernabilidad de la informaci\u00f3n y conocimientos;<\/li>\n<li>Recursos humanos especializados en informaci\u00f3n y conocimiento;<\/li>\n<li>Comercializaci\u00f3n de productos y servicios de informaci\u00f3n y el conocimiento;<\/li>\n<li>Dimensiones estrat\u00e9gicas, gerenciales y operacionales del ciclo de informaci\u00f3n, de gesti\u00f3n y el conocimiento;<\/li>\n<li>Tecnolog\u00edas aplicadas a los sistemas, productos y servicios de informaci\u00f3n y el conocimiento<\/li>\n<\/ul>\n<p>Idioma: portugu\u00e9s<\/p>\n","protected":false},"excerpt":{"rendered":"<p>AtoZ : Novas Pr\u00e1ticas em Informa\u00e7\u00e3o e Conhecimento Revista a texto completo y arbitrada que es una publicaci\u00f3n peri\u00f3dica semestral del curso de gesti\u00f3n de la informaci\u00f3n de la Universidad Federal de Paran\u00e1. Sus objetivos son: Priorizar y divulgar libre y gratuitamente los resultados investigaciones que\u00a0 representan el estado del arte de la ciencia, gesti\u00f3n [&hellip;]<\/p>\n","protected":false},"author":126,"featured_media":0,"comment_status":"closed","ping_status":"closed","sticky":false,"template":"","format":"standard","meta":[],"categories":[6,9],"tags":[],"_links":{"self":[{"href":"https:\/\/blogs.sld.cu\/marionod\/wp-json\/wp\/v2\/posts\/21902"}],"collection":[{"href":"https:\/\/blogs.sld.cu\/marionod\/wp-json\/wp\/v2\/posts"}],"about":[{"href":"https:\/\/blogs.sld.cu\/marionod\/wp-json\/wp\/v2\/types\/post"}],"author":[{"embeddable":true,"href":"https:\/\/blogs.sld.cu\/marionod\/wp-json\/wp\/v2\/users\/126"}],"replies":[{"embeddable":true,"href":"https:\/\/blogs.sld.cu\/marionod\/wp-json\/wp\/v2\/comments?post=21902"}],"version-history":[{"count":0,"href":"https:\/\/blogs.sld.cu\/marionod\/wp-json\/wp\/v2\/posts\/21902\/revisions"}],"wp:attachment":[{"href":"https:\/\/blogs.sld.cu\/marionod\/wp-json\/wp\/v2\/media?parent=21902"}],"wp:term":[{"taxonomy":"category","embeddable":true,"href":"https:\/\/blogs.sld.cu\/marionod\/wp-json\/wp\/v2\/categories?post=21902"},{"taxonomy":"post_tag","embeddable":true,"href":"https:\/\/blogs.sld.cu\/marionod\/wp-json\/wp\/v2\/tags?post=21902"}],"curies":[{"name":"wp","href":"https:\/\/api.w.org\/{rel}","templated":true}]}}