{"id":22935,"date":"2012-07-23T12:01:33","date_gmt":"2012-07-23T16:01:33","guid":{"rendered":"http:\/\/blogviejo.sld.cu\/marionod\/?p=22935"},"modified":"2012-07-23T12:01:33","modified_gmt":"2012-07-23T16:01:33","slug":"ferreras-fernandez-transito-preservacion-digital-en-repositorios-institucionales-gredos-salamanca-gredos-repositorio-documental-de-la-universidad-de-salamanca-2011","status":"publish","type":"post","link":"https:\/\/blogs.sld.cu\/marionod\/2012\/07\/23\/ferreras-fernandez-transito-preservacion-digital-en-repositorios-institucionales-gredos-salamanca-gredos-repositorio-documental-de-la-universidad-de-salamanca-2011\/","title":{"rendered":"Ferreras Fern\u00e1ndez, Tr\u00e1nsito. Preservaci\u00f3n digital en repositorios institucionales: GREDOS. Salamanca, Gredos : Repositorio Documental de la Universidad de Salamanca (2011)"},"content":{"rendered":"<p><a href=\"http:\/\/gredos.usal.es\/jspui\/handle\/10366\/83130\" target=\"_blank\">Ferreras Fern\u00e1ndez, Tr\u00e1nsito. Preservaci\u00f3n digital en repositorios institucionales: GREDOS. Salamanca, Gredos : Repositorio Documental de la Universidad de Salamanca (2011)<\/a><\/p>\n<p>Preservaci\u00f3n digital en repositorios institucionales: Gredos es el  t\u00edtulo del Trabajo Fin de M\u00e1ster que se enmarca dentro del M\u00e1ster en  Sistemas de Informaci\u00f3n Digital de la Universidad de Salamanca, curso  acad\u00e9mico 2009-2010. En los \u00faltimos siete a\u00f1os dos acontecimientos  relacionados como son el movimiento Open Access y la creaci\u00f3n de los  repositorios institucionales han sido detonantes para que el tema de la  preservaci\u00f3n sea uno de los m\u00e1s estudiados en el \u00e1mbito de la  documentaci\u00f3n digital. Este estudio trata sobre la preservaci\u00f3n digital  de los repositorios institucionales en acceso abierto, es decir la  preservaci\u00f3n digital dirigida a asegurar la accesibilidad y el uso a  largo plazo de los objetos digitales depositados en esos repositorios y  por lo tanto garantizar la accesibilidad en el futuro a estos \u00faltimos.  Adem\u00e1s se pretende reflejar el estado de la cuesti\u00f3n actual de la  preservaci\u00f3n digital y ofrecer una aplicaci\u00f3n pr\u00e1ctica para Gredos, el  sistema de Gesti\u00f3n del Repositorio Documental de la Universidad de  Salamanca. El objetivo \u00faltimo es, por lo tanto, establecer el modus  operandi en el desarrollo y puesta en pr\u00e1ctica de un plan de  preservaci\u00f3n digital para Gredos.<\/p>\n","protected":false},"excerpt":{"rendered":"<p>Ferreras Fern\u00e1ndez, Tr\u00e1nsito. Preservaci\u00f3n digital en repositorios institucionales: GREDOS. Salamanca, Gredos : Repositorio Documental de la Universidad de Salamanca (2011) Preservaci\u00f3n digital en repositorios institucionales: Gredos es el t\u00edtulo del Trabajo Fin de M\u00e1ster que se enmarca dentro del M\u00e1ster en Sistemas de Informaci\u00f3n Digital de la Universidad de Salamanca, curso acad\u00e9mico 2009-2010. En los [&hellip;]<\/p>\n","protected":false},"author":126,"featured_media":0,"comment_status":"closed","ping_status":"closed","sticky":false,"template":"","format":"standard","meta":[],"categories":[6,11,510],"tags":[],"_links":{"self":[{"href":"https:\/\/blogs.sld.cu\/marionod\/wp-json\/wp\/v2\/posts\/22935"}],"collection":[{"href":"https:\/\/blogs.sld.cu\/marionod\/wp-json\/wp\/v2\/posts"}],"about":[{"href":"https:\/\/blogs.sld.cu\/marionod\/wp-json\/wp\/v2\/types\/post"}],"author":[{"embeddable":true,"href":"https:\/\/blogs.sld.cu\/marionod\/wp-json\/wp\/v2\/users\/126"}],"replies":[{"embeddable":true,"href":"https:\/\/blogs.sld.cu\/marionod\/wp-json\/wp\/v2\/comments?post=22935"}],"version-history":[{"count":0,"href":"https:\/\/blogs.sld.cu\/marionod\/wp-json\/wp\/v2\/posts\/22935\/revisions"}],"wp:attachment":[{"href":"https:\/\/blogs.sld.cu\/marionod\/wp-json\/wp\/v2\/media?parent=22935"}],"wp:term":[{"taxonomy":"category","embeddable":true,"href":"https:\/\/blogs.sld.cu\/marionod\/wp-json\/wp\/v2\/categories?post=22935"},{"taxonomy":"post_tag","embeddable":true,"href":"https:\/\/blogs.sld.cu\/marionod\/wp-json\/wp\/v2\/tags?post=22935"}],"curies":[{"name":"wp","href":"https:\/\/api.w.org\/{rel}","templated":true}]}}