{"id":23097,"date":"2012-08-01T13:25:35","date_gmt":"2012-08-01T17:25:35","guid":{"rendered":"http:\/\/blogviejo.sld.cu\/marionod\/?p=23097"},"modified":"2012-08-01T13:25:35","modified_gmt":"2012-08-01T17:25:35","slug":"presente-y-futuro-de-los-sindromes-epilepticos-pediatricos","status":"publish","type":"post","link":"https:\/\/blogs.sld.cu\/marionod\/2012\/08\/01\/presente-y-futuro-de-los-sindromes-epilepticos-pediatricos\/","title":{"rendered":"Presente y futuro de los s\u00edndromes epil\u00e9pticos pedi\u00e1tricos"},"content":{"rendered":"<p><a href=\"http:\/\/www.fundacionareces.es\/fundacionareces\/portal.do?TR=C&amp;IDR=711\" target=\"_blank\">Presente y futuro de los s\u00edndromes epil\u00e9pticos pedi\u00e1tricos<\/a><\/p>\n<p>Libro a texto completo publicado por la Fundaci\u00f3n Ram\u00f3n Areces. Esta obra recoge las ponencias presentadas en los tres primeros  congresos organizados en Madrid por la Fundaci\u00f3n S\u00edndrome de West en  2005, 2007 y 2009. Estudia el S\u00edndrome de West denominado tambi\u00e9n de los  Espasmos Infantiles que pertenece al grupo de lo que se llama  &#8220;Encefalopat\u00edas epil\u00e9pticas catastr\u00f3ficas&#8221;. Los espasmos infantiles son  un tipo especial de ataque epil\u00e9ptico que aparece en el beb\u00e9 entre los  tres meses y el primer a\u00f1o de vida. Se trata de un s\u00edndrome catalogado  dentro del grupo de &#8220;Enfermedades Raras&#8221; (un caso por cada cuatro mil  habitantes). En un principio la atenci\u00f3n sanitaria y educativa es  primordial para el buen pron\u00f3stico de los enfermos, pero enseguida se  hace patente la necesidad de una estimulaci\u00f3n sensorial en todos los  \u00f3rdenes de la vida.<\/p>\n<p>Se ha observado curaci\u00f3n completa en algunos casos de causa desconocida  (idiop\u00e1ticos); en los dem\u00e1s, las secuelas neurol\u00f3gicas y psicomotrices  son severas. Los ni\u00f1os, desgraciadamente, tienen mal pron\u00f3stico ya que  muchos de ellos presentan crisis no controladas y retraso mental.<\/p>\n","protected":false},"excerpt":{"rendered":"<p>Presente y futuro de los s\u00edndromes epil\u00e9pticos pedi\u00e1tricos Libro a texto completo publicado por la Fundaci\u00f3n Ram\u00f3n Areces. Esta obra recoge las ponencias presentadas en los tres primeros congresos organizados en Madrid por la Fundaci\u00f3n S\u00edndrome de West en 2005, 2007 y 2009. Estudia el S\u00edndrome de West denominado tambi\u00e9n de los Espasmos Infantiles que [&hellip;]<\/p>\n","protected":false},"author":126,"featured_media":0,"comment_status":"closed","ping_status":"closed","sticky":false,"template":"","format":"standard","meta":[],"categories":[373,668,11,13,36],"tags":[],"_links":{"self":[{"href":"https:\/\/blogs.sld.cu\/marionod\/wp-json\/wp\/v2\/posts\/23097"}],"collection":[{"href":"https:\/\/blogs.sld.cu\/marionod\/wp-json\/wp\/v2\/posts"}],"about":[{"href":"https:\/\/blogs.sld.cu\/marionod\/wp-json\/wp\/v2\/types\/post"}],"author":[{"embeddable":true,"href":"https:\/\/blogs.sld.cu\/marionod\/wp-json\/wp\/v2\/users\/126"}],"replies":[{"embeddable":true,"href":"https:\/\/blogs.sld.cu\/marionod\/wp-json\/wp\/v2\/comments?post=23097"}],"version-history":[{"count":0,"href":"https:\/\/blogs.sld.cu\/marionod\/wp-json\/wp\/v2\/posts\/23097\/revisions"}],"wp:attachment":[{"href":"https:\/\/blogs.sld.cu\/marionod\/wp-json\/wp\/v2\/media?parent=23097"}],"wp:term":[{"taxonomy":"category","embeddable":true,"href":"https:\/\/blogs.sld.cu\/marionod\/wp-json\/wp\/v2\/categories?post=23097"},{"taxonomy":"post_tag","embeddable":true,"href":"https:\/\/blogs.sld.cu\/marionod\/wp-json\/wp\/v2\/tags?post=23097"}],"curies":[{"name":"wp","href":"https:\/\/api.w.org\/{rel}","templated":true}]}}