{"id":23785,"date":"2012-09-07T11:47:55","date_gmt":"2012-09-07T15:47:55","guid":{"rendered":"http:\/\/blogviejo.sld.cu\/marionod\/?p=23785"},"modified":"2012-09-07T11:47:55","modified_gmt":"2012-09-07T15:47:55","slug":"guia-de-practica-clinica-sobre-el-asma-osakidetza","status":"publish","type":"post","link":"https:\/\/blogs.sld.cu\/marionod\/2012\/09\/07\/guia-de-practica-clinica-sobre-el-asma-osakidetza\/","title":{"rendered":"Gu\u00eda de Pr\u00e1ctica Cl\u00ednica sobre el asma (OSAKIDETZA)"},"content":{"rendered":"<p><a href=\"http:\/\/arnas-respiratorio.net\/file\/profesionales\/guias\/guia_asma_osakidetza.pdf\" target=\"_blank\">Gu\u00eda de Pr\u00e1ctica Cl\u00ednica sobre el asma (OSAKIDETZA)<\/a><\/p>\n<p>La <a href=\"http:\/\/arnas-respiratorio.net\/\" target=\"_blank\">Sociedad Vasco Navarra de Patolog\u00eda Respiratoria<\/a> ha publicado esta gu\u00eda de pr\u00e1ctica cl\u00ednica sobre asma, con recomendaciones desarrolladas de forma sistem\u00e1tica y basadas en la mejor evidencia cient\u00edfica disponible, es el resultado de dos intensos a\u00f1os de trabajo de un grupo de profesionales de Osakidetza\/Svs. La gu\u00eda ha sido desarrollada por profesionales de las diferentes disciplinas que intervienen en la asistencia al paciente asm\u00e1tico y cuenta adem\u00e1s con el apoyo y el aval tanto del proceso de desarrollo de la gu\u00eda en s\u00ed como de las recomendaciones que se incluyen en ella de las sociedades cient\u00edficas de nuestra Comunidad que desarrollan su actividad sobre este problema de salud. La participaci\u00f3n y el apoyo de Osatzen\/Sociedad Vasca de Medicina de Familia, de la Asociaci\u00f3n Vasca de Pediatr\u00eda de Atenci\u00f3n Primaria, de la Vasco-Navarra de Pediatr\u00eda, de la Vasco-Navarra de Patolog\u00eda Respiratoria y de la Sociedad de Emergencias EKALME-SEMES de Euskadi. En esta gu\u00eda, las y los profesionales de Osakidetza\/Svs y tambi\u00e9n sus pacientes encontraran respuesta informada a muchas de las preguntas que plantea la asistencia en el d\u00eda a d\u00eda al paciente asm\u00e1tico. Una respuesta en forma de recomendaciones que las y los expertos en asma que han elaborado y revisado la gu\u00eda proponen despu\u00e9s de una b\u00fasqueda rigurosa de las pruebas que las avalan.<\/p>\n","protected":false},"excerpt":{"rendered":"<p>Gu\u00eda de Pr\u00e1ctica Cl\u00ednica sobre el asma (OSAKIDETZA) La Sociedad Vasco Navarra de Patolog\u00eda Respiratoria ha publicado esta gu\u00eda de pr\u00e1ctica cl\u00ednica sobre asma, con recomendaciones desarrolladas de forma sistem\u00e1tica y basadas en la mejor evidencia cient\u00edfica disponible, es el resultado de dos intensos a\u00f1os de trabajo de un grupo de profesionales de Osakidetza\/Svs. La [&hellip;]<\/p>\n","protected":false},"author":126,"featured_media":0,"comment_status":"closed","ping_status":"closed","sticky":false,"template":"","format":"standard","meta":[],"categories":[306,442,547,473,19,342,22],"tags":[],"_links":{"self":[{"href":"https:\/\/blogs.sld.cu\/marionod\/wp-json\/wp\/v2\/posts\/23785"}],"collection":[{"href":"https:\/\/blogs.sld.cu\/marionod\/wp-json\/wp\/v2\/posts"}],"about":[{"href":"https:\/\/blogs.sld.cu\/marionod\/wp-json\/wp\/v2\/types\/post"}],"author":[{"embeddable":true,"href":"https:\/\/blogs.sld.cu\/marionod\/wp-json\/wp\/v2\/users\/126"}],"replies":[{"embeddable":true,"href":"https:\/\/blogs.sld.cu\/marionod\/wp-json\/wp\/v2\/comments?post=23785"}],"version-history":[{"count":0,"href":"https:\/\/blogs.sld.cu\/marionod\/wp-json\/wp\/v2\/posts\/23785\/revisions"}],"wp:attachment":[{"href":"https:\/\/blogs.sld.cu\/marionod\/wp-json\/wp\/v2\/media?parent=23785"}],"wp:term":[{"taxonomy":"category","embeddable":true,"href":"https:\/\/blogs.sld.cu\/marionod\/wp-json\/wp\/v2\/categories?post=23785"},{"taxonomy":"post_tag","embeddable":true,"href":"https:\/\/blogs.sld.cu\/marionod\/wp-json\/wp\/v2\/tags?post=23785"}],"curies":[{"name":"wp","href":"https:\/\/api.w.org\/{rel}","templated":true}]}}