{"id":24801,"date":"2012-11-03T10:38:33","date_gmt":"2012-11-03T14:38:33","guid":{"rendered":"http:\/\/blogviejo.sld.cu\/marionod\/?p=24801"},"modified":"2012-11-03T10:38:33","modified_gmt":"2012-11-03T14:38:33","slug":"journal-of-special-education-and-rehabilitation","status":"publish","type":"post","link":"https:\/\/blogs.sld.cu\/marionod\/2012\/11\/03\/journal-of-special-education-and-rehabilitation\/","title":{"rendered":"Journal of Special Education and Rehabilitation"},"content":{"rendered":"<p><a href=\"http:\/\/jser.fzf.ukim.edu.mk\/\" target=\"_blank\">Journal of Special Education and Rehabilitation<\/a><\/p>\n<p>Revista internacional multidisciplinaria, a texto completo y arbitrada, editada por el Instituto de Educaci\u00f3n Especial y\u00a0 Rehabilitaci\u00f3n de la Facultad de Filosof\u00eda en Skopje y la Asociaci\u00f3n Maced\u00f3nica de Educadores Especiales. Los art\u00edculos siguientes ser\u00e1n considerados para la publicaci\u00f3n: original y revisiones, informe corto,cartas al editor, experiencias cl\u00ednicas, examen de casos, disertaciones doctorales, maestr\u00eda de artes, editoriales, comunicaciones r\u00e1pidas y otras contribuciones de todos los campos de la educaci\u00f3n especial, de la medicina, de la psicolog\u00eda, de la pedagog\u00eda, de la pol\u00edtica social, y de las ciencias relacionadas. Los educadores especiales, doctores m\u00e9dicos, psic\u00f3logos, pedagogos, trabajadores sociales y otros empleados en las escuelas especiales p\u00fablicas y privadas, las instituciones, los departamentos de la salud y los hospitales en la Rep\u00fablica de Macedonia y de todo el mundo tienen el derecho de publicar. El objetivo de la revista es compartir y diseminar conocimiento entre todos las disciplinas que trabajan en el campo de la educaci\u00f3n especial y de la rehabilitaci\u00f3n. La revista puede ser accedida tambi\u00e9n a texto completo a trav\u00e9s de la editorial <a href=\"http:\/\/www.degruyter.com\/view\/j\/jser?rskey=DArAdD&amp;result=5&amp;q=\" target=\"_blank\">Walter de Gruyter<\/a>. Idioma: ingl\u00e9s<\/p>\n","protected":false},"excerpt":{"rendered":"<p>Journal of Special Education and Rehabilitation Revista internacional multidisciplinaria, a texto completo y arbitrada, editada por el Instituto de Educaci\u00f3n Especial y\u00a0 Rehabilitaci\u00f3n de la Facultad de Filosof\u00eda en Skopje y la Asociaci\u00f3n Maced\u00f3nica de Educadores Especiales. Los art\u00edculos siguientes ser\u00e1n considerados para la publicaci\u00f3n: original y revisiones, informe corto,cartas al editor, experiencias cl\u00ednicas, examen [&hellip;]<\/p>\n","protected":false},"author":126,"featured_media":0,"comment_status":"closed","ping_status":"closed","sticky":false,"template":"","format":"standard","meta":[],"categories":[1925,350,1176,102,192,328,207],"tags":[],"_links":{"self":[{"href":"https:\/\/blogs.sld.cu\/marionod\/wp-json\/wp\/v2\/posts\/24801"}],"collection":[{"href":"https:\/\/blogs.sld.cu\/marionod\/wp-json\/wp\/v2\/posts"}],"about":[{"href":"https:\/\/blogs.sld.cu\/marionod\/wp-json\/wp\/v2\/types\/post"}],"author":[{"embeddable":true,"href":"https:\/\/blogs.sld.cu\/marionod\/wp-json\/wp\/v2\/users\/126"}],"replies":[{"embeddable":true,"href":"https:\/\/blogs.sld.cu\/marionod\/wp-json\/wp\/v2\/comments?post=24801"}],"version-history":[{"count":0,"href":"https:\/\/blogs.sld.cu\/marionod\/wp-json\/wp\/v2\/posts\/24801\/revisions"}],"wp:attachment":[{"href":"https:\/\/blogs.sld.cu\/marionod\/wp-json\/wp\/v2\/media?parent=24801"}],"wp:term":[{"taxonomy":"category","embeddable":true,"href":"https:\/\/blogs.sld.cu\/marionod\/wp-json\/wp\/v2\/categories?post=24801"},{"taxonomy":"post_tag","embeddable":true,"href":"https:\/\/blogs.sld.cu\/marionod\/wp-json\/wp\/v2\/tags?post=24801"}],"curies":[{"name":"wp","href":"https:\/\/api.w.org\/{rel}","templated":true}]}}