{"id":28784,"date":"2013-11-30T19:01:57","date_gmt":"2013-11-30T23:01:57","guid":{"rendered":"http:\/\/blogviejo.sld.cu\/marionod\/?p=28784"},"modified":"2013-11-30T19:01:57","modified_gmt":"2013-11-30T23:01:57","slug":"acta-medica-transilvanica","status":"publish","type":"post","link":"https:\/\/blogs.sld.cu\/marionod\/2013\/11\/30\/acta-medica-transilvanica\/","title":{"rendered":"Acta Medica Transilvanica"},"content":{"rendered":"<p><a href=\"http:\/\/www.amtsibiu.ro\/\" target=\"_blank\">Acta Medica Transilvanica<\/a><\/p>\n<p>Revista a texto completo y arbitrada de la editorial de la Universidad &#8220;Lucian Blaga&#8221; de Sibiu, Rumania. El objetivo de la revista es promover la investigaci\u00f3n m\u00e9dica, sobre todo la investigaci\u00f3n m\u00e9dica rumana y estimular y apoyar a la generaci\u00f3n joven de m\u00e9dicos investigadores.<br \/>\nLa revista est\u00e1 dirigida a todos los profesionales del campo m\u00e9dico y a aquellos de la ense\u00f1anza m\u00e9dica superior, que desean expresar sus puntos de vista o comunicar los resultados de su actividad de investigaci\u00f3n en el campo de la medicina preventiva y curativa.Publica art\u00edculos originales que revelan resultados de investigaciones recientes en la salud p\u00fablica y administraci\u00f3n, art\u00edculos de la revisi\u00f3n que proporcionan el an\u00e1lisis actualizado o la discusi\u00f3n sobre la investigaci\u00f3n previamente publicadas por otros, informes de caso que describen casos cl\u00ednicos interesantes y excepcionales con los cuales los autores se han comfrontado.<br \/>\nTodos los art\u00edculos se publican en tres secciones: salud p\u00fablica y direcci\u00f3n, aspectos cl\u00ednicos y ensayos.<\/p>\n","protected":false},"excerpt":{"rendered":"<p>Acta Medica Transilvanica Revista a texto completo y arbitrada de la editorial de la Universidad &#8220;Lucian Blaga&#8221; de Sibiu, Rumania. El objetivo de la revista es promover la investigaci\u00f3n m\u00e9dica, sobre todo la investigaci\u00f3n m\u00e9dica rumana y estimular y apoyar a la generaci\u00f3n joven de m\u00e9dicos investigadores. La revista est\u00e1 dirigida a todos los profesionales [&hellip;]<\/p>\n","protected":false},"author":126,"featured_media":0,"comment_status":"closed","ping_status":"closed","sticky":false,"template":"","format":"standard","meta":[],"categories":[112,9],"tags":[],"_links":{"self":[{"href":"https:\/\/blogs.sld.cu\/marionod\/wp-json\/wp\/v2\/posts\/28784"}],"collection":[{"href":"https:\/\/blogs.sld.cu\/marionod\/wp-json\/wp\/v2\/posts"}],"about":[{"href":"https:\/\/blogs.sld.cu\/marionod\/wp-json\/wp\/v2\/types\/post"}],"author":[{"embeddable":true,"href":"https:\/\/blogs.sld.cu\/marionod\/wp-json\/wp\/v2\/users\/126"}],"replies":[{"embeddable":true,"href":"https:\/\/blogs.sld.cu\/marionod\/wp-json\/wp\/v2\/comments?post=28784"}],"version-history":[{"count":0,"href":"https:\/\/blogs.sld.cu\/marionod\/wp-json\/wp\/v2\/posts\/28784\/revisions"}],"wp:attachment":[{"href":"https:\/\/blogs.sld.cu\/marionod\/wp-json\/wp\/v2\/media?parent=28784"}],"wp:term":[{"taxonomy":"category","embeddable":true,"href":"https:\/\/blogs.sld.cu\/marionod\/wp-json\/wp\/v2\/categories?post=28784"},{"taxonomy":"post_tag","embeddable":true,"href":"https:\/\/blogs.sld.cu\/marionod\/wp-json\/wp\/v2\/tags?post=28784"}],"curies":[{"name":"wp","href":"https:\/\/api.w.org\/{rel}","templated":true}]}}