{"id":33678,"date":"2015-06-13T21:38:42","date_gmt":"2015-06-14T01:38:42","guid":{"rendered":"http:\/\/blogs.sld.cu\/marionod\/?p=33678"},"modified":"2015-06-13T21:42:18","modified_gmt":"2015-06-14T01:42:18","slug":"la-couleur-en-prothese-faciale-2","status":"publish","type":"post","link":"https:\/\/blogs.sld.cu\/marionod\/2015\/06\/13\/la-couleur-en-prothese-faciale-2\/","title":{"rendered":"La couleur en proth\u00e8se faciale"},"content":{"rendered":"<p><strong>La couleur en proth\u00e8se faciale<\/strong><\/p>\n<p>Articulo a texto completo pubicado en la revista Actualit\u00e9s Odonto-Stomatologiques (AOS) que trata de los principios del color en las pr\u00f3tesis faciales y que esta dividido en tres partes:<\/p>\n<ul>\n<li><a href=\"http:\/\/www.aos-journal.org\/articles\/aos\/pdf\/2011\/02\/aos2011254p97.pdf\" target=\"_blank\">La couleur en proth\u00e8se faciale (1re partie)<\/a><\/li>\n<li><a href=\"http:\/\/www.aos-journal.org\/articles\/aos\/pdf\/2011\/03\/aos2011255p189.pdf\" target=\"_blank\">La couleur en proth\u00e8se faciale (2e partie) <\/a><\/li>\n<li><a href=\"http:\/\/www.aos-journal.org\/articles\/aos\/pdf\/2012\/01\/aos2012257p5.pdf\" target=\"_blank\">La couleur en proth\u00e8se faciale (3e partie)<\/a><\/li>\n<\/ul>\n<p>Idioma: franc\u00e9s<\/p>\n","protected":false},"excerpt":{"rendered":"<p>La couleur en proth\u00e8se faciale Articulo a texto completo pubicado en la revista Actualit\u00e9s Odonto-Stomatologiques (AOS) que trata de los principios del color en las pr\u00f3tesis faciales y que esta dividido en tres partes: La couleur en proth\u00e8se faciale (1re partie) La couleur en proth\u00e8se faciale (2e partie) La couleur en proth\u00e8se faciale (3e partie) [&hellip;]<\/p>\n","protected":false},"author":126,"featured_media":0,"comment_status":"open","ping_status":"open","sticky":false,"template":"","format":"standard","meta":[],"categories":[117,1970,78,124,1604],"tags":[],"_links":{"self":[{"href":"https:\/\/blogs.sld.cu\/marionod\/wp-json\/wp\/v2\/posts\/33678"}],"collection":[{"href":"https:\/\/blogs.sld.cu\/marionod\/wp-json\/wp\/v2\/posts"}],"about":[{"href":"https:\/\/blogs.sld.cu\/marionod\/wp-json\/wp\/v2\/types\/post"}],"author":[{"embeddable":true,"href":"https:\/\/blogs.sld.cu\/marionod\/wp-json\/wp\/v2\/users\/126"}],"replies":[{"embeddable":true,"href":"https:\/\/blogs.sld.cu\/marionod\/wp-json\/wp\/v2\/comments?post=33678"}],"version-history":[{"count":2,"href":"https:\/\/blogs.sld.cu\/marionod\/wp-json\/wp\/v2\/posts\/33678\/revisions"}],"predecessor-version":[{"id":33680,"href":"https:\/\/blogs.sld.cu\/marionod\/wp-json\/wp\/v2\/posts\/33678\/revisions\/33680"}],"wp:attachment":[{"href":"https:\/\/blogs.sld.cu\/marionod\/wp-json\/wp\/v2\/media?parent=33678"}],"wp:term":[{"taxonomy":"category","embeddable":true,"href":"https:\/\/blogs.sld.cu\/marionod\/wp-json\/wp\/v2\/categories?post=33678"},{"taxonomy":"post_tag","embeddable":true,"href":"https:\/\/blogs.sld.cu\/marionod\/wp-json\/wp\/v2\/tags?post=33678"}],"curies":[{"name":"wp","href":"https:\/\/api.w.org\/{rel}","templated":true}]}}