{"id":34618,"date":"2015-11-25T22:27:01","date_gmt":"2015-11-26T02:27:01","guid":{"rendered":"http:\/\/blogs.sld.cu\/marionod\/?p=34618"},"modified":"2015-11-25T22:27:01","modified_gmt":"2015-11-26T02:27:01","slug":"melanoma-cutaneo-guia-clinica-practica","status":"publish","type":"post","link":"https:\/\/blogs.sld.cu\/marionod\/2015\/11\/25\/melanoma-cutaneo-guia-clinica-practica\/","title":{"rendered":"Melanoma Cut\u00e1neo Gu\u00eda Cl\u00ednica Pr\u00e1ctica"},"content":{"rendered":"<div class=\"textLayer\">\n<div><a href=\"http:\/\/www.seoq.org\/descargas\/melanoma_cutaneo_2012.pdf\" target=\"_blank\">Melanoma Cut\u00e1neo Gu\u00eda Cl\u00ednica Pr\u00e1ctica<\/a><\/div>\n<div><\/div>\n<div>\n<div>La Consejer\u00eda de Sanidad y Pol\u00edtica Social del Servicio Murciano de Saludha publicado esta gu\u00eda de pr\u00e1ctica cl\u00ednica que pone a disposici\u00f3n de los m\u00e9dicos murcianos de forma clara, concisa y actualizada, que ser\u00e1 de extraordinaria utilidad para todos los que se ocupan de los pacientes con melanoma en alg\u00fan momento de la evoluci\u00f3n de la enfermedad, incluyendo al m\u00e9dico de atenci\u00f3n primaria, que esquien reconoce el tumor en primera instancia y lo remite al dermat\u00f3logo para su diagn\u00f3stico definitivo y tratamiento.<\/div>\n<\/div>\n<\/div>\n","protected":false},"excerpt":{"rendered":"<p>Melanoma Cut\u00e1neo Gu\u00eda Cl\u00ednica Pr\u00e1ctica La Consejer\u00eda de Sanidad y Pol\u00edtica Social del Servicio Murciano de Saludha publicado esta gu\u00eda de pr\u00e1ctica cl\u00ednica que pone a disposici\u00f3n de los m\u00e9dicos murcianos de forma clara, concisa y actualizada, que ser\u00e1 de extraordinaria utilidad para todos los que se ocupan de los pacientes con melanoma en alg\u00fan [&hellip;]<\/p>\n","protected":false},"author":126,"featured_media":0,"comment_status":"open","ping_status":"open","sticky":false,"template":"","format":"standard","meta":[],"categories":[66,181,19,443,142],"tags":[],"_links":{"self":[{"href":"https:\/\/blogs.sld.cu\/marionod\/wp-json\/wp\/v2\/posts\/34618"}],"collection":[{"href":"https:\/\/blogs.sld.cu\/marionod\/wp-json\/wp\/v2\/posts"}],"about":[{"href":"https:\/\/blogs.sld.cu\/marionod\/wp-json\/wp\/v2\/types\/post"}],"author":[{"embeddable":true,"href":"https:\/\/blogs.sld.cu\/marionod\/wp-json\/wp\/v2\/users\/126"}],"replies":[{"embeddable":true,"href":"https:\/\/blogs.sld.cu\/marionod\/wp-json\/wp\/v2\/comments?post=34618"}],"version-history":[{"count":1,"href":"https:\/\/blogs.sld.cu\/marionod\/wp-json\/wp\/v2\/posts\/34618\/revisions"}],"predecessor-version":[{"id":34619,"href":"https:\/\/blogs.sld.cu\/marionod\/wp-json\/wp\/v2\/posts\/34618\/revisions\/34619"}],"wp:attachment":[{"href":"https:\/\/blogs.sld.cu\/marionod\/wp-json\/wp\/v2\/media?parent=34618"}],"wp:term":[{"taxonomy":"category","embeddable":true,"href":"https:\/\/blogs.sld.cu\/marionod\/wp-json\/wp\/v2\/categories?post=34618"},{"taxonomy":"post_tag","embeddable":true,"href":"https:\/\/blogs.sld.cu\/marionod\/wp-json\/wp\/v2\/tags?post=34618"}],"curies":[{"name":"wp","href":"https:\/\/api.w.org\/{rel}","templated":true}]}}