{"id":35196,"date":"2016-01-29T23:36:15","date_gmt":"2016-01-30T03:36:15","guid":{"rendered":"http:\/\/blogs.sld.cu\/marionod\/?p=35196"},"modified":"2016-01-29T23:37:37","modified_gmt":"2016-01-30T03:37:37","slug":"guia-para-la-prevencion-y-manejo-de-las-upp-y-heridas-cronicas","status":"publish","type":"post","link":"https:\/\/blogs.sld.cu\/marionod\/2016\/01\/29\/guia-para-la-prevencion-y-manejo-de-las-upp-y-heridas-cronicas\/","title":{"rendered":"Gu\u00eda para la prevenci\u00f3n y manejo de las UPP y heridas cr\u00f3nicas"},"content":{"rendered":"<p><a href=\"http:\/\/www.ingesa.msssi.gob.es\/estadEstudios\/documPublica\/Guia_prevencion_UPP.htm\" target=\"_blank\">Gu\u00eda para la prevenci\u00f3n y manejo de las UPP y heridas cr\u00f3nicas<\/a><\/p>\n<p>El Instituto Nacional de Gesti\u00f3n Sanitaria de Espa\u00f1a ha publicado este documento que nace como uno de los proyectos de mejora de la calidad del Hospital Comarcal de Melilla, con el objetivo final de convertirse en instrumento de trabajo para el mejor y m\u00e1s eficiente abordaje de las heridas cr\u00f3nicas por parte de todos los profesionales de nuestro centro, y por extensi\u00f3n de los diferentes niveles asistenciales. Para los profesionales sobre los que recae la atenci\u00f3n de los pacientes ingresados en los centros sanitarios es una preocupaci\u00f3n importante la aparici\u00f3n de las \u00falceras por presi\u00f3n, y por tanto, es fundamental que se tomen las medidas necesarias para evitarlas. Sus contenidos son:<\/p>\n<p><span class=\"break\">Pr\u00f3logo.<\/span><\/p>\n<p><span class=\"break\">Introducci\u00f3n.<\/span><\/p>\n<p><span class=\"break\">1. Objetivos.<\/span><\/p>\n<p><span class=\"break\">2. Valoraci\u00f3n enfermera.<\/span><\/p>\n<p><span class=\"break\">3. Medidas preventivas en las UPP.<\/span><\/p>\n<p><span class=\"break\">4. Tratamiento de las UPP y heridas cr\u00f3nicas.<\/span><\/p>\n<p><span class=\"break\">5. Relaci\u00f3n de productos.<\/span><\/p>\n<p><span class=\"break\">6. Complicaciones de las UPP.<\/span><\/p>\n<p><span class=\"break\">7. Cuidados paliativos y \u00falceras por presi\u00f3n.<\/span><\/p>\n<p><span class=\"break\">8. Informe de enfermer\u00eda al alta.<\/span><\/p>\n<p><span class=\"break\">9. Educaci\u00f3n y mejora de la calidad de vida.<\/span><\/p>\n<p><span class=\"break\">10. Anexos.<\/span><span class=\"break\"> \u00a0<\/span><\/p>\n<p><span class=\"break\">Bibliograf\u00eda.<\/span><\/p>\n","protected":false},"excerpt":{"rendered":"<p>Gu\u00eda para la prevenci\u00f3n y manejo de las UPP y heridas cr\u00f3nicas El Instituto Nacional de Gesti\u00f3n Sanitaria de Espa\u00f1a ha publicado este documento que nace como uno de los proyectos de mejora de la calidad del Hospital Comarcal de Melilla, con el objetivo final de convertirse en instrumento de trabajo para el mejor y [&hellip;]<\/p>\n","protected":false},"author":126,"featured_media":0,"comment_status":"open","ping_status":"open","sticky":false,"template":"","format":"standard","meta":[],"categories":[51,139,452,4,627],"tags":[],"_links":{"self":[{"href":"https:\/\/blogs.sld.cu\/marionod\/wp-json\/wp\/v2\/posts\/35196"}],"collection":[{"href":"https:\/\/blogs.sld.cu\/marionod\/wp-json\/wp\/v2\/posts"}],"about":[{"href":"https:\/\/blogs.sld.cu\/marionod\/wp-json\/wp\/v2\/types\/post"}],"author":[{"embeddable":true,"href":"https:\/\/blogs.sld.cu\/marionod\/wp-json\/wp\/v2\/users\/126"}],"replies":[{"embeddable":true,"href":"https:\/\/blogs.sld.cu\/marionod\/wp-json\/wp\/v2\/comments?post=35196"}],"version-history":[{"count":2,"href":"https:\/\/blogs.sld.cu\/marionod\/wp-json\/wp\/v2\/posts\/35196\/revisions"}],"predecessor-version":[{"id":35198,"href":"https:\/\/blogs.sld.cu\/marionod\/wp-json\/wp\/v2\/posts\/35196\/revisions\/35198"}],"wp:attachment":[{"href":"https:\/\/blogs.sld.cu\/marionod\/wp-json\/wp\/v2\/media?parent=35196"}],"wp:term":[{"taxonomy":"category","embeddable":true,"href":"https:\/\/blogs.sld.cu\/marionod\/wp-json\/wp\/v2\/categories?post=35196"},{"taxonomy":"post_tag","embeddable":true,"href":"https:\/\/blogs.sld.cu\/marionod\/wp-json\/wp\/v2\/tags?post=35196"}],"curies":[{"name":"wp","href":"https:\/\/api.w.org\/{rel}","templated":true}]}}