{"id":3693,"date":"2009-07-22T15:46:18","date_gmt":"2009-07-22T19:46:18","guid":{"rendered":"http:\/\/blogviejo.sld.cu\/marionod\/?p=3693"},"modified":"2009-07-22T15:46:18","modified_gmt":"2009-07-22T19:46:18","slug":"guia-de-abordaje-de-la-demencia","status":"publish","type":"post","link":"https:\/\/blogs.sld.cu\/marionod\/2009\/07\/22\/guia-de-abordaje-de-la-demencia\/","title":{"rendered":"Gu\u00eda de abordaje de la demencia"},"content":{"rendered":"<p><a href=\"http:\/\/www.navarra.es\/NR\/rdonlyres\/90E6356A-73C3-4CA1-9291-834501AA4324\/0\/Guiaabordajedelademencia.pdf\" target=\"_blank\">Gu\u00eda de abordaje de la demencia<\/a><\/p>\n<p>El Departamento de Salud del Gobierno de Navarra ha publicado esta gu\u00eda en el marco del Plan\u00a0de coordinaci\u00f3n Atenci\u00f3n Primaria por un grupo de trabajo de profesionales de medicina de familia, enfermer\u00eda y de neurolog\u00eda que ha contado con la revisi\u00f3n de otras especialidades, fundamentalmente de geriatr\u00eda y cuyo objetivo es mejorar la continuidad de la atenci\u00f3n de los pacientes con deterioro cognitivo o demencia en las etapas de diagn\u00f3stico, tratamiento y seguimiento de su enfermedad. Proporciona recomendaciones en base a las evidencias disponibles.<\/p>\n","protected":false},"excerpt":{"rendered":"<p>Gu\u00eda de abordaje de la demencia El Departamento de Salud del Gobierno de Navarra ha publicado esta gu\u00eda en el marco del Plan\u00a0de coordinaci\u00f3n Atenci\u00f3n Primaria por un grupo de trabajo de profesionales de medicina de familia, enfermer\u00eda y de neurolog\u00eda que ha contado con la revisi\u00f3n de otras especialidades, fundamentalmente de geriatr\u00eda y cuyo [&hellip;]<\/p>\n","protected":false},"author":126,"featured_media":0,"comment_status":"open","ping_status":"open","sticky":false,"template":"","format":"standard","meta":[],"categories":[716,296,717,1048,19,13],"tags":[],"_links":{"self":[{"href":"https:\/\/blogs.sld.cu\/marionod\/wp-json\/wp\/v2\/posts\/3693"}],"collection":[{"href":"https:\/\/blogs.sld.cu\/marionod\/wp-json\/wp\/v2\/posts"}],"about":[{"href":"https:\/\/blogs.sld.cu\/marionod\/wp-json\/wp\/v2\/types\/post"}],"author":[{"embeddable":true,"href":"https:\/\/blogs.sld.cu\/marionod\/wp-json\/wp\/v2\/users\/126"}],"replies":[{"embeddable":true,"href":"https:\/\/blogs.sld.cu\/marionod\/wp-json\/wp\/v2\/comments?post=3693"}],"version-history":[{"count":0,"href":"https:\/\/blogs.sld.cu\/marionod\/wp-json\/wp\/v2\/posts\/3693\/revisions"}],"wp:attachment":[{"href":"https:\/\/blogs.sld.cu\/marionod\/wp-json\/wp\/v2\/media?parent=3693"}],"wp:term":[{"taxonomy":"category","embeddable":true,"href":"https:\/\/blogs.sld.cu\/marionod\/wp-json\/wp\/v2\/categories?post=3693"},{"taxonomy":"post_tag","embeddable":true,"href":"https:\/\/blogs.sld.cu\/marionod\/wp-json\/wp\/v2\/tags?post=3693"}],"curies":[{"name":"wp","href":"https:\/\/api.w.org\/{rel}","templated":true}]}}