{"id":38095,"date":"2017-08-16T21:39:11","date_gmt":"2017-08-17T01:39:11","guid":{"rendered":"http:\/\/blogs.sld.cu\/marionod\/?p=38095"},"modified":"2017-08-16T21:39:11","modified_gmt":"2017-08-17T01:39:11","slug":"cadernos-brasileiros-de-terapia-ocupacional","status":"publish","type":"post","link":"https:\/\/blogs.sld.cu\/marionod\/2017\/08\/16\/cadernos-brasileiros-de-terapia-ocupacional\/","title":{"rendered":"Cadernos Brasileiros de Terapia Ocupacional"},"content":{"rendered":"<p><a href=\"http:\/\/www.cadernosdeterapiaocupacional.ufscar.br\/index.php\/cadernos\" target=\"_blank\">Cadernos Brasileiros de Terapia Ocupacional<\/a><\/p>\n<p>Revista a texto completo y arbitrada de periodicidad trimestral de la Universidad Federal de Sn Carlos y que prioriza en todas sus ediciones la publicaci\u00f3n de art\u00edculos originales, productos in\u00e9ditos de investigaci\u00f3n, as\u00ed como estudios de revisi\u00f3n sistem\u00e1tica , relatos de experiencias y estudios de caso que dialoguen con el conocimiento de la terapia ocupacional. Se destina a la divulagaci\u00f3n de trabajos in\u00e9ditos, oriundos de investigaciones originales en el campo de la Terapia Ocupacional, en di\u00e1logo con las \u00e1reas la salud, educaci\u00f3n, cultura y asistencia social, tambi\u00e9n como de la ciencia ocupacional. Enfatiza estudios sobre problem\u00e1ticas f\u00edsicas, sensoriales, mentales, psicol\u00f3gicas, y sociales relacionadas a lo cotidiano y al hacer humano., articulados a la participaci\u00f3n, a la autonom\u00eda y a la inserci\u00f3n de sujetos (individuales y colectivos) en la vida social.La revista se dirige a investigadores, docentes, residentes y profesionales de la terapia ocupacional y de \u00e1reas relacionadas tanto en el \u00e1mbito nacional e internacional. La revista acepta trabajos en ingl\u00e9s, espa\u00f1ol y portugu\u00e9s.<\/p>\n","protected":false},"excerpt":{"rendered":"<p>Cadernos Brasileiros de Terapia Ocupacional Revista a texto completo y arbitrada de periodicidad trimestral de la Universidad Federal de Sn Carlos y que prioriza en todas sus ediciones la publicaci\u00f3n de art\u00edculos originales, productos in\u00e9ditos de investigaci\u00f3n, as\u00ed como estudios de revisi\u00f3n sistem\u00e1tica , relatos de experiencias y estudios de caso que dialoguen con el [&hellip;]<\/p>\n","protected":false},"author":126,"featured_media":0,"comment_status":"open","ping_status":"open","sticky":false,"template":"","format":"standard","meta":[],"categories":[103,9,458],"tags":[],"_links":{"self":[{"href":"https:\/\/blogs.sld.cu\/marionod\/wp-json\/wp\/v2\/posts\/38095"}],"collection":[{"href":"https:\/\/blogs.sld.cu\/marionod\/wp-json\/wp\/v2\/posts"}],"about":[{"href":"https:\/\/blogs.sld.cu\/marionod\/wp-json\/wp\/v2\/types\/post"}],"author":[{"embeddable":true,"href":"https:\/\/blogs.sld.cu\/marionod\/wp-json\/wp\/v2\/users\/126"}],"replies":[{"embeddable":true,"href":"https:\/\/blogs.sld.cu\/marionod\/wp-json\/wp\/v2\/comments?post=38095"}],"version-history":[{"count":1,"href":"https:\/\/blogs.sld.cu\/marionod\/wp-json\/wp\/v2\/posts\/38095\/revisions"}],"predecessor-version":[{"id":38096,"href":"https:\/\/blogs.sld.cu\/marionod\/wp-json\/wp\/v2\/posts\/38095\/revisions\/38096"}],"wp:attachment":[{"href":"https:\/\/blogs.sld.cu\/marionod\/wp-json\/wp\/v2\/media?parent=38095"}],"wp:term":[{"taxonomy":"category","embeddable":true,"href":"https:\/\/blogs.sld.cu\/marionod\/wp-json\/wp\/v2\/categories?post=38095"},{"taxonomy":"post_tag","embeddable":true,"href":"https:\/\/blogs.sld.cu\/marionod\/wp-json\/wp\/v2\/tags?post=38095"}],"curies":[{"name":"wp","href":"https:\/\/api.w.org\/{rel}","templated":true}]}}