{"id":38578,"date":"2017-12-07T20:59:45","date_gmt":"2017-12-08T00:59:45","guid":{"rendered":"http:\/\/blogs.sld.cu\/marionod\/?p=38578"},"modified":"2017-12-07T20:59:45","modified_gmt":"2017-12-08T00:59:45","slug":"neurobiology-of-sleep-and-circadian-rhythms","status":"publish","type":"post","link":"https:\/\/blogs.sld.cu\/marionod\/2017\/12\/07\/neurobiology-of-sleep-and-circadian-rhythms\/","title":{"rendered":"Neurobiology of Sleep and Circadian Rhythms"},"content":{"rendered":"<p><a href=\"https:\/\/www.sciencedirect.com\/science\/journal\/24519944\" target=\"_blank\">Neurobiology of Sleep and Circadian Rhythms<\/a><\/p>\n<p>Revista a texto completo y arbitrada de la editorial Elsevier que publica art\u00edculos de investigaci\u00f3n y revisi\u00f3n sobre investigaci\u00f3n b\u00e1sica, translacional y cl\u00ednica dentro del sue\u00f1o.Esta se enfoca sobre los mecanismos de sue\u00f1o\/despertar y la regulaci\u00f3n circadiana a nivel molecular y de sistemas y sobre investigaci\u00f3n para examinar la funci\u00f3n del sue\u00f1o. La traslaci\u00f3n de hallazgos de investigaci\u00f3n b\u00e1sica para entender y tratar el sue\u00f1o y los trastornos circadianos es un prop\u00f3sito clave de la revista.<\/p>\n<p>Los t\u00f3picos que incluir\u00e1:<\/p>\n<ul>\n<li>Investigaci\u00f3n b\u00e1sica, translacional y cl\u00ednica<\/li>\n<li>Ritmos circadianos<\/li>\n<li>Mecanismos moleculares<\/li>\n<li>Gen\u00e9tica y epigen\u00e9tica<\/li>\n<li>Inflamaci\u00f3n e inmunolog\u00eda<\/li>\n<li>Memoria y aprendizaje<\/li>\n<li>Enfermedades neurol\u00f3gicas y neurodegenerativas<\/li>\n<li>Trastornos del comportamiento del sue\u00f1o<\/li>\n<li>Neuropsicofarmacolog\u00eda y neuroendocrinolog\u00eda<\/li>\n<\/ul>\n<p>Idioma: ingl\u00e9s<\/p>\n","protected":false},"excerpt":{"rendered":"<p>Neurobiology of Sleep and Circadian Rhythms Revista a texto completo y arbitrada de la editorial Elsevier que publica art\u00edculos de investigaci\u00f3n y revisi\u00f3n sobre investigaci\u00f3n b\u00e1sica, translacional y cl\u00ednica dentro del sue\u00f1o.Esta se enfoca sobre los mecanismos de sue\u00f1o\/despertar y la regulaci\u00f3n circadiana a nivel molecular y de sistemas y sobre investigaci\u00f3n para examinar la [&hellip;]<\/p>\n","protected":false},"author":126,"featured_media":0,"comment_status":"open","ping_status":"open","sticky":false,"template":"","format":"standard","meta":[],"categories":[1249,9,1426,372],"tags":[],"_links":{"self":[{"href":"https:\/\/blogs.sld.cu\/marionod\/wp-json\/wp\/v2\/posts\/38578"}],"collection":[{"href":"https:\/\/blogs.sld.cu\/marionod\/wp-json\/wp\/v2\/posts"}],"about":[{"href":"https:\/\/blogs.sld.cu\/marionod\/wp-json\/wp\/v2\/types\/post"}],"author":[{"embeddable":true,"href":"https:\/\/blogs.sld.cu\/marionod\/wp-json\/wp\/v2\/users\/126"}],"replies":[{"embeddable":true,"href":"https:\/\/blogs.sld.cu\/marionod\/wp-json\/wp\/v2\/comments?post=38578"}],"version-history":[{"count":1,"href":"https:\/\/blogs.sld.cu\/marionod\/wp-json\/wp\/v2\/posts\/38578\/revisions"}],"predecessor-version":[{"id":38579,"href":"https:\/\/blogs.sld.cu\/marionod\/wp-json\/wp\/v2\/posts\/38578\/revisions\/38579"}],"wp:attachment":[{"href":"https:\/\/blogs.sld.cu\/marionod\/wp-json\/wp\/v2\/media?parent=38578"}],"wp:term":[{"taxonomy":"category","embeddable":true,"href":"https:\/\/blogs.sld.cu\/marionod\/wp-json\/wp\/v2\/categories?post=38578"},{"taxonomy":"post_tag","embeddable":true,"href":"https:\/\/blogs.sld.cu\/marionod\/wp-json\/wp\/v2\/tags?post=38578"}],"curies":[{"name":"wp","href":"https:\/\/api.w.org\/{rel}","templated":true}]}}