{"id":40752,"date":"2019-01-10T09:20:10","date_gmt":"2019-01-10T13:20:10","guid":{"rendered":"http:\/\/blogs.sld.cu\/marionod\/?p=40752"},"modified":"2019-01-10T09:35:07","modified_gmt":"2019-01-10T13:35:07","slug":"40752","status":"publish","type":"post","link":"https:\/\/blogs.sld.cu\/marionod\/2019\/01\/10\/40752\/","title":{"rendered":"Organiza\u00e7\u00e3o Pan-Americana da Sa\u00fade. Tr\u00e2nsito: um olhar da sa\u00fade para o tema. Brasilia: OPAS; 2018"},"content":{"rendered":"<p><a href=\"http:\/\/iris.paho.org\/xmlui\/bitstream\/handle\/123456789\/49709\/9789275720387_por.pdf?sequence=1&amp;isAllowed=y\" target=\"_blank\">\u00a0Organiza\u00e7\u00e3o Pan-Americana da Sa\u00fade. Tr\u00e2nsito: um olhar da sa\u00fade para o tema. Brasilia: OPAS; 2018<\/a><\/p>\n<p><span class=\"tlid-translation translation\"><span class=\"\" title=\"\">La <a href=\"http:\/\/ww.paho.org\/\" target=\"_blank\">Organizaci\u00f3n Panamericana de la Salud <\/a>ha publicado este documento relacionado a la seguridad vial . El sector salud ha sido vinculado al tema de la seguridad vial en funci\u00f3n de la necesidad de respuesta con el foco en la atenci\u00f3n a las lesiones derivadas de los accidentes de tr\u00e1nsito.<\/span> <span title=\"\">Sin embargo, m\u00e1s que esa funci\u00f3n precauta, la salud aporta al abordaje del tr\u00e1nsito los rigores y la riqueza de la mirada epidemiol\u00f3gica para calificaci\u00f3n de la informaci\u00f3n.<\/span> <span title=\"\">Se suma tambi\u00e9n a los esfuerzos de la seguridad p\u00fablica y de la gesti\u00f3n del sector del transporte con la mirada proactiva de la promoci\u00f3n de la salud, con su atenci\u00f3n a los determinantes sociales, y una capacidad singular de amalgamar otras \u00e1reas involucradas, contribuyendo con la evoluci\u00f3n del concepto de &#8220;<\/span> <span title=\"\">prevenci\u00f3n de la morbimortalidad en el tr\u00e1nsito hacia una visi\u00f3n amplia, de movilidad sostenible. Idioma: portugu\u00e9s<br \/>\n<\/span><\/span><\/p>\n","protected":false},"excerpt":{"rendered":"<p>\u00a0Organiza\u00e7\u00e3o Pan-Americana da Sa\u00fade. Tr\u00e2nsito: um olhar da sa\u00fade para o tema. Brasilia: OPAS; 2018 La Organizaci\u00f3n Panamericana de la Salud ha publicado este documento relacionado a la seguridad vial . El sector salud ha sido vinculado al tema de la seguridad vial en funci\u00f3n de la necesidad de respuesta con el foco en la [&hellip;]<\/p>\n","protected":false},"author":126,"featured_media":0,"comment_status":"open","ping_status":"open","sticky":false,"template":"","format":"standard","meta":[],"categories":[1129,643,452,2161],"tags":[],"_links":{"self":[{"href":"https:\/\/blogs.sld.cu\/marionod\/wp-json\/wp\/v2\/posts\/40752"}],"collection":[{"href":"https:\/\/blogs.sld.cu\/marionod\/wp-json\/wp\/v2\/posts"}],"about":[{"href":"https:\/\/blogs.sld.cu\/marionod\/wp-json\/wp\/v2\/types\/post"}],"author":[{"embeddable":true,"href":"https:\/\/blogs.sld.cu\/marionod\/wp-json\/wp\/v2\/users\/126"}],"replies":[{"embeddable":true,"href":"https:\/\/blogs.sld.cu\/marionod\/wp-json\/wp\/v2\/comments?post=40752"}],"version-history":[{"count":3,"href":"https:\/\/blogs.sld.cu\/marionod\/wp-json\/wp\/v2\/posts\/40752\/revisions"}],"predecessor-version":[{"id":40755,"href":"https:\/\/blogs.sld.cu\/marionod\/wp-json\/wp\/v2\/posts\/40752\/revisions\/40755"}],"wp:attachment":[{"href":"https:\/\/blogs.sld.cu\/marionod\/wp-json\/wp\/v2\/media?parent=40752"}],"wp:term":[{"taxonomy":"category","embeddable":true,"href":"https:\/\/blogs.sld.cu\/marionod\/wp-json\/wp\/v2\/categories?post=40752"},{"taxonomy":"post_tag","embeddable":true,"href":"https:\/\/blogs.sld.cu\/marionod\/wp-json\/wp\/v2\/tags?post=40752"}],"curies":[{"name":"wp","href":"https:\/\/api.w.org\/{rel}","templated":true}]}}