{"id":41577,"date":"2019-09-24T12:45:37","date_gmt":"2019-09-24T16:45:37","guid":{"rendered":"http:\/\/blogs.sld.cu\/marionod\/?p=41577"},"modified":"2019-09-24T12:45:37","modified_gmt":"2019-09-24T16:45:37","slug":"world-alzheimer-report-2019-attitudes-to-dementia","status":"publish","type":"post","link":"https:\/\/blogs.sld.cu\/marionod\/2019\/09\/24\/world-alzheimer-report-2019-attitudes-to-dementia\/","title":{"rendered":"World Alzheimer Report 2019: Attitudes to dementia"},"content":{"rendered":"<p><a href=\"https:\/\/www.alz.co.uk\/research\/WorldAlzheimerReport2019.pdf\" target=\"_blank\">World Alzheimer Report 2019: Attitudes to dementia<\/a><\/p>\n<p>El Informe Mundial sobre el Alzh\u00e9imer 2019, publicado por la <a href=\"https:\/\/www.alz.co.uk\/\" target=\"_blank\">Federaci\u00f3n Internacional de Alzheimer<\/a>, revela una sorprendente falta de conocimiento global sobre la demencia, con dos tercios de las personas que todav\u00eda piensan que la enfermedad es una parte normal del envejecimiento en lugar de un trastorno neurodegenerativo.<br \/>\nExpone los resultados de la encuesta m\u00e1s grande del mundo sobre actitudes hacia la demencia e incluy\u00f3 casi 70,000 personas en 155 pa\u00edses. Abarca cuatro grupos demogr\u00e1ficos: personas que viven con demencia, cuidadores, profesionales de la salud y el p\u00fablico en general.<br \/>\nAlgunos de los hallazgos clave del informe incluyen:<\/p>\n<p>&#8211; Casi el 80% del p\u00fablico en general est\u00e1 preocupado por desarrollar demencia en alg\u00fan momento y 1 de cada 4 personas piensa que no hay nada que podamos hacer para prevenir la enfermedad.<br \/>\n&#8211; El 35% de los cuidadores en todo el mundo dijeron que hab\u00edan ocultado el diagn\u00f3stico de demencia de un miembro de la familia.<br \/>\n&#8211; M\u00e1s del 50% de los cuidadores de todo el mundo dicen que su salud ha sufrido como resultado de sus responsabilidades de cuidado, incluso mientras expresan sentimientos positivos sobre su papel.<br \/>\n&#8211; Casi el 62% de los proveedores de atenci\u00f3n m\u00e9dica en todo el mundo piensan que la demencia es parte del envejecimiento normal.<br \/>\n&#8211; El 40% del p\u00fablico en general piensa que los m\u00e9dicos y las enfermeras ignoran a las personas con demencia.<\/p>\n<p>Idioma: ingl\u00e9s<\/p>\n","protected":false},"excerpt":{"rendered":"<p>World Alzheimer Report 2019: Attitudes to dementia El Informe Mundial sobre el Alzh\u00e9imer 2019, publicado por la Federaci\u00f3n Internacional de Alzheimer, revela una sorprendente falta de conocimiento global sobre la demencia, con dos tercios de las personas que todav\u00eda piensan que la enfermedad es una parte normal del envejecimiento en lugar de un trastorno neurodegenerativo. [&hellip;]<\/p>\n","protected":false},"author":126,"featured_media":0,"comment_status":"open","ping_status":"open","sticky":false,"template":"","format":"standard","meta":[],"categories":[716,717,1048,73,402],"tags":[],"_links":{"self":[{"href":"https:\/\/blogs.sld.cu\/marionod\/wp-json\/wp\/v2\/posts\/41577"}],"collection":[{"href":"https:\/\/blogs.sld.cu\/marionod\/wp-json\/wp\/v2\/posts"}],"about":[{"href":"https:\/\/blogs.sld.cu\/marionod\/wp-json\/wp\/v2\/types\/post"}],"author":[{"embeddable":true,"href":"https:\/\/blogs.sld.cu\/marionod\/wp-json\/wp\/v2\/users\/126"}],"replies":[{"embeddable":true,"href":"https:\/\/blogs.sld.cu\/marionod\/wp-json\/wp\/v2\/comments?post=41577"}],"version-history":[{"count":1,"href":"https:\/\/blogs.sld.cu\/marionod\/wp-json\/wp\/v2\/posts\/41577\/revisions"}],"predecessor-version":[{"id":41578,"href":"https:\/\/blogs.sld.cu\/marionod\/wp-json\/wp\/v2\/posts\/41577\/revisions\/41578"}],"wp:attachment":[{"href":"https:\/\/blogs.sld.cu\/marionod\/wp-json\/wp\/v2\/media?parent=41577"}],"wp:term":[{"taxonomy":"category","embeddable":true,"href":"https:\/\/blogs.sld.cu\/marionod\/wp-json\/wp\/v2\/categories?post=41577"},{"taxonomy":"post_tag","embeddable":true,"href":"https:\/\/blogs.sld.cu\/marionod\/wp-json\/wp\/v2\/tags?post=41577"}],"curies":[{"name":"wp","href":"https:\/\/api.w.org\/{rel}","templated":true}]}}