{"id":43244,"date":"2021-02-05T13:07:59","date_gmt":"2021-02-05T17:07:59","guid":{"rendered":"http:\/\/blogs.sld.cu\/marionod\/?p=43244"},"modified":"2021-02-05T13:07:59","modified_gmt":"2021-02-05T17:07:59","slug":"revista-de-psiquiatria-infanto-juvenil","status":"publish","type":"post","link":"https:\/\/blogs.sld.cu\/marionod\/2021\/02\/05\/revista-de-psiquiatria-infanto-juvenil\/","title":{"rendered":"Revista de Psiquiatr\u00eda Infanto-Juvenil"},"content":{"rendered":"<p><a href=\"https:\/\/aepnya.eu\/index.php\/revistaaepnya\" target=\"_blank\">Revista de Psiquiatr\u00eda Infanto-Juvenil<\/a><\/p>\n<p>Revista a texto completo y arbitrada, de periodicidad trimestral (enero-marzo; abril-junio; julio-septiembre; octubre-diciembre), es la publicaci\u00f3n oficial de la Asociaci\u00f3n Espa\u00f1ola de Psiquiatr\u00eda del Ni\u00f1o y el Adolescente (AEPNYA), tiene la finalidad de publicar art\u00edculos cient\u00edficos que contribuyan al mejoramiento de la calidad de la asistencia cl\u00ednica, la investigaci\u00f3n, la docencia y la gesti\u00f3n de todos los aspectos (te\u00f3ricos y pr\u00e1cticos) relacionados con la psiquiatr\u00eda del ni\u00f1o y el adolescente desde diversos puntos de vista: gen\u00e9tico, epidemiol\u00f3gico, cl\u00ednico, psicoter\u00e1pico, farmacol\u00f3gico, socio-sanitario, etc., as\u00ed como desde el punto de vista social, cultural y econ\u00f3mico.<br \/>\nLa revista esta dirigida a psic\u00f3logos y psiquiatras especializados en ni\u00f1os y adolescentes interesados en temas de salud p\u00fablica.<\/p>\n","protected":false},"excerpt":{"rendered":"<p>Revista de Psiquiatr\u00eda Infanto-Juvenil Revista a texto completo y arbitrada, de periodicidad trimestral (enero-marzo; abril-junio; julio-septiembre; octubre-diciembre), es la publicaci\u00f3n oficial de la Asociaci\u00f3n Espa\u00f1ola de Psiquiatr\u00eda del Ni\u00f1o y el Adolescente (AEPNYA), tiene la finalidad de publicar art\u00edculos cient\u00edficos que contribuyan al mejoramiento de la calidad de la asistencia cl\u00ednica, la investigaci\u00f3n, la docencia [&hellip;]<\/p>\n","protected":false},"author":126,"featured_media":0,"comment_status":"open","ping_status":"open","sticky":false,"template":"","format":"standard","meta":[],"categories":[190,191,36,103,9,207],"tags":[],"_links":{"self":[{"href":"https:\/\/blogs.sld.cu\/marionod\/wp-json\/wp\/v2\/posts\/43244"}],"collection":[{"href":"https:\/\/blogs.sld.cu\/marionod\/wp-json\/wp\/v2\/posts"}],"about":[{"href":"https:\/\/blogs.sld.cu\/marionod\/wp-json\/wp\/v2\/types\/post"}],"author":[{"embeddable":true,"href":"https:\/\/blogs.sld.cu\/marionod\/wp-json\/wp\/v2\/users\/126"}],"replies":[{"embeddable":true,"href":"https:\/\/blogs.sld.cu\/marionod\/wp-json\/wp\/v2\/comments?post=43244"}],"version-history":[{"count":1,"href":"https:\/\/blogs.sld.cu\/marionod\/wp-json\/wp\/v2\/posts\/43244\/revisions"}],"predecessor-version":[{"id":43245,"href":"https:\/\/blogs.sld.cu\/marionod\/wp-json\/wp\/v2\/posts\/43244\/revisions\/43245"}],"wp:attachment":[{"href":"https:\/\/blogs.sld.cu\/marionod\/wp-json\/wp\/v2\/media?parent=43244"}],"wp:term":[{"taxonomy":"category","embeddable":true,"href":"https:\/\/blogs.sld.cu\/marionod\/wp-json\/wp\/v2\/categories?post=43244"},{"taxonomy":"post_tag","embeddable":true,"href":"https:\/\/blogs.sld.cu\/marionod\/wp-json\/wp\/v2\/tags?post=43244"}],"curies":[{"name":"wp","href":"https:\/\/api.w.org\/{rel}","templated":true}]}}