{"id":43899,"date":"2021-09-06T23:50:20","date_gmt":"2021-09-07T03:50:20","guid":{"rendered":"https:\/\/blogs.sld.cu\/marionod\/?p=43899"},"modified":"2021-09-06T23:50:20","modified_gmt":"2021-09-07T03:50:20","slug":"recien-revista-cientifica-de-enfermeria-2","status":"publish","type":"post","link":"https:\/\/blogs.sld.cu\/marionod\/2021\/09\/06\/recien-revista-cientifica-de-enfermeria-2\/","title":{"rendered":"RECIEN.Revista Cient\u00edfica de Enfermer\u00eda"},"content":{"rendered":"<p><a href=\"http:\/\/revista.cep.org.pe\/\" target=\"_blank\" rel=\"noopener\"> RECIEN.Revista Cient\u00edfica de Enfermer\u00eda<\/a><\/p>\n<p>Revista a texto completo y arbitrada que es una revista electr\u00f3nica adscrita al Colegio de Enfermeros del Per\u00fa que tiene por objetivo difundir conocimientos cient\u00edficos y t\u00e9cnicos relacionados con la enfermer\u00eda, que contribuyan al desarrollo de la profesi\u00f3n y mejoren la situaci\u00f3n de salud del pa\u00eds, regi\u00f3n y sociedad en general propuestas por el Sistema Nacional de Ciencia, Tecnolog\u00eda e Innovaci\u00f3n Tecnol\u00f3gica-SINACYT de Per\u00fa. Su prop\u00f3sito se orienta a difundir la construcci\u00f3n del conocimiento cient\u00edfico a trav\u00e9s del pensamiento cr\u00edtico y la investigaci\u00f3n en las ciencias de la enfermer\u00eda y sobre la salud en general.La cobertura tem\u00e1tica es sobre las ciencias de la enfermer\u00eda y en ciencias de la salud, la periodicidad de la publicaci\u00f3n es semestral. El primer n\u00famero comprende de enero a junio, el segundo de julio a diciembre.Est\u00e1 dirigida a la comunidad cient\u00edfica del gremio de enfermeros nacional e internacional y p\u00fablico en general.<\/p>\n","protected":false},"excerpt":{"rendered":"<p>RECIEN.Revista Cient\u00edfica de Enfermer\u00eda Revista a texto completo y arbitrada que es una revista electr\u00f3nica adscrita al Colegio de Enfermeros del Per\u00fa que tiene por objetivo difundir conocimientos cient\u00edficos y t\u00e9cnicos relacionados con la enfermer\u00eda, que contribuyan al desarrollo de la profesi\u00f3n y mejoren la situaci\u00f3n de salud del pa\u00eds, regi\u00f3n y sociedad en general [&hellip;]<\/p>\n","protected":false},"author":126,"featured_media":0,"comment_status":"open","ping_status":"open","sticky":false,"template":"","format":"standard","meta":[],"categories":[51,9],"tags":[],"_links":{"self":[{"href":"https:\/\/blogs.sld.cu\/marionod\/wp-json\/wp\/v2\/posts\/43899"}],"collection":[{"href":"https:\/\/blogs.sld.cu\/marionod\/wp-json\/wp\/v2\/posts"}],"about":[{"href":"https:\/\/blogs.sld.cu\/marionod\/wp-json\/wp\/v2\/types\/post"}],"author":[{"embeddable":true,"href":"https:\/\/blogs.sld.cu\/marionod\/wp-json\/wp\/v2\/users\/126"}],"replies":[{"embeddable":true,"href":"https:\/\/blogs.sld.cu\/marionod\/wp-json\/wp\/v2\/comments?post=43899"}],"version-history":[{"count":1,"href":"https:\/\/blogs.sld.cu\/marionod\/wp-json\/wp\/v2\/posts\/43899\/revisions"}],"predecessor-version":[{"id":43900,"href":"https:\/\/blogs.sld.cu\/marionod\/wp-json\/wp\/v2\/posts\/43899\/revisions\/43900"}],"wp:attachment":[{"href":"https:\/\/blogs.sld.cu\/marionod\/wp-json\/wp\/v2\/media?parent=43899"}],"wp:term":[{"taxonomy":"category","embeddable":true,"href":"https:\/\/blogs.sld.cu\/marionod\/wp-json\/wp\/v2\/categories?post=43899"},{"taxonomy":"post_tag","embeddable":true,"href":"https:\/\/blogs.sld.cu\/marionod\/wp-json\/wp\/v2\/tags?post=43899"}],"curies":[{"name":"wp","href":"https:\/\/api.w.org\/{rel}","templated":true}]}}