{"id":45513,"date":"2022-10-05T17:20:51","date_gmt":"2022-10-05T21:20:51","guid":{"rendered":"https:\/\/blogs.sld.cu\/marionod\/?p=45513"},"modified":"2022-10-05T17:22:35","modified_gmt":"2022-10-05T21:22:35","slug":"revistaenfermeriacyl","status":"publish","type":"post","link":"https:\/\/blogs.sld.cu\/marionod\/2022\/10\/05\/revistaenfermeriacyl\/","title":{"rendered":"RevistaEnfermer\u00edaCyL"},"content":{"rendered":"<p><a href=\"http:\/\/www.revistaenfermeriacyl.com\/index.php\/revistaenfermeriacyl\/index\" target=\"_blank\" rel=\"noopener\">RevistaEnfermer\u00edaCyL<\/a><\/p>\n<p>Revista a texto completo y arbitrada de divulgaci\u00f3n de la ciencia enfermera en los aspectos cient\u00edfico-t\u00e9cnicos que manejan en su pr\u00e1ctica los enfermeros generalistas y especializados, con una periodicidad semestral. Sus art\u00edculos son de car\u00e1cter cient\u00edfico-documental y las secciones se centran en la investigaci\u00f3n de la pr\u00e1ctica cl\u00ednica socio-sanitaria y docencia de los cuidados enfermeros en los aspectos generalistas y especializados de la enfermer\u00eda. Es una revista abierta a todos los profesionales enfermeros que desen realizar publicaciones cient\u00edficas o profesionales.<br \/>\nLas secciones que incorpora son:<br \/>\nCl\u00ednica Generalista, Cl\u00ednica del Deporte, \u00c9tica y Deontolog\u00eda, Evidencia Enfermera, Cl\u00ednica Especializada: Familiar y Comunitaria, Cl\u00ednica Especializada: Pediatr\u00eda, Cl\u00ednica Especializada: Geriatr\u00eda, Cl\u00ednica Especializada: del Trabajo, Cl\u00ednica Especializada: Cuidados M\u00e9dico-Quir\u00fargicos, Cl\u00ednica Especializada: Salud Mental, Cl\u00ednica Especializada: Obst\u00e9trico-Ginecol\u00f3gico, Urgencias y Emergencias, Enfermer\u00eda Docente, Miscel\u00e1nea, Actualidad, Educaci\u00f3n para la Salud, Gesti\u00f3n y Administraci\u00f3n Enfermer\u00eda, Investigaci\u00f3n Enfermera, e-Salud y Editorial.<\/p>\n","protected":false},"excerpt":{"rendered":"<p>RevistaEnfermer\u00edaCyL Revista a texto completo y arbitrada de divulgaci\u00f3n de la ciencia enfermera en los aspectos cient\u00edfico-t\u00e9cnicos que manejan en su pr\u00e1ctica los enfermeros generalistas y especializados, con una periodicidad semestral. Sus art\u00edculos son de car\u00e1cter cient\u00edfico-documental y las secciones se centran en la investigaci\u00f3n de la pr\u00e1ctica cl\u00ednica socio-sanitaria y docencia de los cuidados [&hellip;]<\/p>\n","protected":false},"author":126,"featured_media":0,"comment_status":"open","ping_status":"open","sticky":false,"template":"","format":"standard","meta":[],"categories":[51,9],"tags":[],"_links":{"self":[{"href":"https:\/\/blogs.sld.cu\/marionod\/wp-json\/wp\/v2\/posts\/45513"}],"collection":[{"href":"https:\/\/blogs.sld.cu\/marionod\/wp-json\/wp\/v2\/posts"}],"about":[{"href":"https:\/\/blogs.sld.cu\/marionod\/wp-json\/wp\/v2\/types\/post"}],"author":[{"embeddable":true,"href":"https:\/\/blogs.sld.cu\/marionod\/wp-json\/wp\/v2\/users\/126"}],"replies":[{"embeddable":true,"href":"https:\/\/blogs.sld.cu\/marionod\/wp-json\/wp\/v2\/comments?post=45513"}],"version-history":[{"count":2,"href":"https:\/\/blogs.sld.cu\/marionod\/wp-json\/wp\/v2\/posts\/45513\/revisions"}],"predecessor-version":[{"id":45515,"href":"https:\/\/blogs.sld.cu\/marionod\/wp-json\/wp\/v2\/posts\/45513\/revisions\/45515"}],"wp:attachment":[{"href":"https:\/\/blogs.sld.cu\/marionod\/wp-json\/wp\/v2\/media?parent=45513"}],"wp:term":[{"taxonomy":"category","embeddable":true,"href":"https:\/\/blogs.sld.cu\/marionod\/wp-json\/wp\/v2\/categories?post=45513"},{"taxonomy":"post_tag","embeddable":true,"href":"https:\/\/blogs.sld.cu\/marionod\/wp-json\/wp\/v2\/tags?post=45513"}],"curies":[{"name":"wp","href":"https:\/\/api.w.org\/{rel}","templated":true}]}}