{"id":46719,"date":"2023-07-06T19:15:38","date_gmt":"2023-07-06T23:15:38","guid":{"rendered":"https:\/\/blogs.sld.cu\/marionod\/?p=46719"},"modified":"2023-07-06T19:15:38","modified_gmt":"2023-07-06T23:15:38","slug":"guia-de-urgencias-oncologicas-primera-edicion-2014","status":"publish","type":"post","link":"https:\/\/blogs.sld.cu\/marionod\/2023\/07\/06\/guia-de-urgencias-oncologicas-primera-edicion-2014\/","title":{"rendered":"Gu\u00eda de Urgencias Oncol\u00f3gicas. Primera Edici\u00f3n. 2014"},"content":{"rendered":"<p><a href=\"http:\/\/www.aclo.es\/wp-content\/uploads\/guiaurgenciasoncologicas.2014.pdf\" target=\"_blank\" rel=\"noopener\">Gu\u00eda de Urgencias Oncol\u00f3gicas. Primera Edici\u00f3n. 2014<\/a><\/p>\n<p>La elaboraci\u00f3n y publicaci\u00f3n de esta primera edici\u00f3n de la Gu\u00eda de Urgencias Oncol\u00f3gicas, fu\u00e9 iniciativa de la agrupaci\u00f3n de Castilla y Le\u00f3n de la Sociedad Espa\u00f1ola de Urgencias y Emergencias (SEMES-CYL), en colaboraci\u00f3n con la Sociedad Castellano-Leonesa de Oncolog\u00eda (ACLO).<br \/>\nNo s\u00f3lo por su contenido y orientaci\u00f3n pr\u00e1ctica respaldados por la evidencia cient\u00edfica, sino tambi\u00e9n por haber facilitado la participaci\u00f3n de numerosos profesionales, m\u00e9dicos y de enfermer\u00eda, tanto de urgencias como de oncolog\u00eda, que desarrollan su trabajo en diferentes centros de la Comunidad Aut\u00f3noma, contribuyendo de esta manera al desarrollo de consensos en los criterios de atenci\u00f3n y a su correspondiente despliegue e implantaci\u00f3n. Esta gu\u00eda nos se\u00f1ala un camino fundamental en la mejora de la sanidad: romper barreras entre especialidades para centrarnos en los pacientes y en sus necesidades, aunar esfuerzos y compromiso de onc\u00f3logos y urgenci\u00f3logos.<\/p>\n","protected":false},"excerpt":{"rendered":"<p>Gu\u00eda de Urgencias Oncol\u00f3gicas. Primera Edici\u00f3n. 2014 La elaboraci\u00f3n y publicaci\u00f3n de esta primera edici\u00f3n de la Gu\u00eda de Urgencias Oncol\u00f3gicas, fu\u00e9 iniciativa de la agrupaci\u00f3n de Castilla y Le\u00f3n de la Sociedad Espa\u00f1ola de Urgencias y Emergencias (SEMES-CYL), en colaboraci\u00f3n con la Sociedad Castellano-Leonesa de Oncolog\u00eda (ACLO). No s\u00f3lo por su contenido y orientaci\u00f3n [&hellip;]<\/p>\n","protected":false},"author":126,"featured_media":0,"comment_status":"open","ping_status":"open","sticky":false,"template":"","format":"standard","meta":[],"categories":[66,19],"tags":[],"_links":{"self":[{"href":"https:\/\/blogs.sld.cu\/marionod\/wp-json\/wp\/v2\/posts\/46719"}],"collection":[{"href":"https:\/\/blogs.sld.cu\/marionod\/wp-json\/wp\/v2\/posts"}],"about":[{"href":"https:\/\/blogs.sld.cu\/marionod\/wp-json\/wp\/v2\/types\/post"}],"author":[{"embeddable":true,"href":"https:\/\/blogs.sld.cu\/marionod\/wp-json\/wp\/v2\/users\/126"}],"replies":[{"embeddable":true,"href":"https:\/\/blogs.sld.cu\/marionod\/wp-json\/wp\/v2\/comments?post=46719"}],"version-history":[{"count":1,"href":"https:\/\/blogs.sld.cu\/marionod\/wp-json\/wp\/v2\/posts\/46719\/revisions"}],"predecessor-version":[{"id":46720,"href":"https:\/\/blogs.sld.cu\/marionod\/wp-json\/wp\/v2\/posts\/46719\/revisions\/46720"}],"wp:attachment":[{"href":"https:\/\/blogs.sld.cu\/marionod\/wp-json\/wp\/v2\/media?parent=46719"}],"wp:term":[{"taxonomy":"category","embeddable":true,"href":"https:\/\/blogs.sld.cu\/marionod\/wp-json\/wp\/v2\/categories?post=46719"},{"taxonomy":"post_tag","embeddable":true,"href":"https:\/\/blogs.sld.cu\/marionod\/wp-json\/wp\/v2\/tags?post=46719"}],"curies":[{"name":"wp","href":"https:\/\/api.w.org\/{rel}","templated":true}]}}