{"id":47077,"date":"2023-10-13T15:56:55","date_gmt":"2023-10-13T19:56:55","guid":{"rendered":"https:\/\/blogs.sld.cu\/marionod\/?p=47077"},"modified":"2023-10-13T15:56:55","modified_gmt":"2023-10-13T19:56:55","slug":"alvarez-r-belinchon-b-botella-f-calleja-a-chamorro-j-cumplido-r-gil-f-guillen-c-halcon-p-herrero-f-jimenez-p-lopez-f-magallon-i-quevedo-k-ruiz-ma-cancer-de-pancreas-alimentacion-y-cali","status":"publish","type":"post","link":"https:\/\/blogs.sld.cu\/marionod\/2023\/10\/13\/alvarez-r-belinchon-b-botella-f-calleja-a-chamorro-j-cumplido-r-gil-f-guillen-c-halcon-p-herrero-f-jimenez-p-lopez-f-magallon-i-quevedo-k-ruiz-ma-cancer-de-pancreas-alimentacion-y-cali\/","title":{"rendered":"\u00c1lvarez R, Belinch\u00f3n B, Botella F, Calleja A, Chamorro J, Cumplido R, Gil F, Guill\u00e9n C, Halc\u00f3n P, Herrero F, Jim\u00e9nez P, L\u00f3pez F, Magall\u00f3n I, Quevedo K, Ru\u00edz MA. C\u00e1ncer de p\u00e1ncreas: Alimentaci\u00f3n y calidad de vida. Gu\u00eda para pacientes y familiares (2\u00aa ed.). Fundaci\u00f3n M\u00c1S QUE IDEAS y Asociaci\u00f3n C\u00e1ncer de P\u00e1ncreas, 2022."},"content":{"rendered":"<p><a href=\"https:\/\/www.seom.org\/seomcms\/images\/stories\/recursos\/cancer-de-pancreas-alimentacion-y-calidad-de-vida.pdf\" target=\"_blank\" rel=\"noopener\">\u00c1lvarez R, Belinch\u00f3n B, Botella F, Calleja A, Chamorro J, Cumplido R, Gil F, Guill\u00e9n C, Halc\u00f3n P, Herrero F, Jim\u00e9nez P, L\u00f3pez F, Magall\u00f3n I, Quevedo K, Ru\u00edz<\/a><br \/>\n<a href=\"https:\/\/www.seom.org\/seomcms\/images\/stories\/recursos\/cancer-de-pancreas-alimentacion-y-calidad-de-vida.pdf\" target=\"_blank\" rel=\"noopener\">MA. C\u00e1ncer de p\u00e1ncreas: Alimentaci\u00f3n y calidad de vida. Gu\u00eda para pacientes y familiares (2\u00aa ed.). Fundaci\u00f3n M\u00c1S QUE IDEAS y Asociaci\u00f3n C\u00e1ncer de P\u00e1ncreas, 2022.<\/a><\/p>\n<p>Gu\u00eda elaborada por iniciativa de la Asociaci\u00f3n de C\u00e1ncer de P\u00e1ncreas y laFundaci\u00f3n M\u00c1S QUE IDEAS.<br \/>\nEsta gu\u00eda pretende ser una herramienta pr\u00e1ctica que puedas utilizar para mejorar tu salud y tu calidad de vida. Tanto si eres paciente como familiar, la informaci\u00f3n que encontrar\u00e1s en ella te ayudar\u00e1 a responder a muchas de las preguntas relacionadas con el c\u00e1ncer de p\u00e1ncreas. Y tambi\u00e9n a saber qu\u00e9 puedes hacer para mejorar tu bienestar y el de tus familiares.<br \/>\nA lo largo de los pr\u00f3ximos cap\u00edtulos hallar\u00e1s informaci\u00f3n y recomendaciones de car\u00e1cter general elaboradas por profesionales de diferentes disciplinas sanitarias. Todas las perspectivas son necesarias para responder a tus dudas y ayudarte a entender el proceso que est\u00e1s viviendo. Por ello, en esta gu\u00eda han participado profesionales de oncolog\u00eda m\u00e9dica,enfermer\u00eda, oncolog\u00eda radioter\u00e1pica, endocrinolog\u00eda, nutrici\u00f3n y diet\u00e9tica, psicooncolog\u00eda y ejercicio f\u00edsico que te orientar\u00e1n acerca de las repercusiones f\u00edsicas, psicol\u00f3gicas y sociales del c\u00e1ncer de p\u00e1ncreas, as\u00ed como de las estrategias recomendadas para su manejo.<\/p>\n<p>Cap\u00edtulos:<br \/>\nCap\u00edtulo 1. El c\u00e1ncer de p\u00e1ncreas<br \/>\nCap\u00edtulo 2. Calidad de vida : \u00bfC\u00f3mo actuar ante secuelas y efectos secundarios?<br \/>\nCap\u00edtulo 3. Alimentaci\u00f3n y nutrici\u00f3n<br \/>\nCap\u00edtulo 4. Ejercicio f\u00edsico<br \/>\nCap\u00edtulo 5. Nuestras emociones tr\u00e1s el diagn\u00f3stico<br \/>\nCap\u00edtulo 6. Cuidando la salud de la persona cuidadora<\/p>\n<p>Sociedades colaboradoras<\/p>\n<p>Sociedad Espa\u00f1ola de Endocrinolog\u00eda y Nutrici\u00f3n (SEEN)<br \/>\nSociedad Espa\u00f1ola de Enfermer\u00eda Oncol\u00f3gica (SEEO)<br \/>\nSociedad Espa\u00f1ola de Oncolog\u00eda M\u00e9dica (SEOM)<br \/>\nSociedad Espa\u00f1ola de Oncolog\u00eda Radioter\u00e1pica (SEOR)<\/p>\n","protected":false},"excerpt":{"rendered":"<p>\u00c1lvarez R, Belinch\u00f3n B, Botella F, Calleja A, Chamorro J, Cumplido R, Gil F, Guill\u00e9n C, Halc\u00f3n P, Herrero F, Jim\u00e9nez P, L\u00f3pez F, Magall\u00f3n I, Quevedo K, Ru\u00edz MA. C\u00e1ncer de p\u00e1ncreas: Alimentaci\u00f3n y calidad de vida. Gu\u00eda para pacientes y familiares (2\u00aa ed.). Fundaci\u00f3n M\u00c1S QUE IDEAS y Asociaci\u00f3n C\u00e1ncer de P\u00e1ncreas, 2022. [&hellip;]<\/p>\n","protected":false},"author":126,"featured_media":0,"comment_status":"open","ping_status":"open","sticky":false,"template":"","format":"standard","meta":[],"categories":[540,66,2252,174,168,422,444,98],"tags":[],"_links":{"self":[{"href":"https:\/\/blogs.sld.cu\/marionod\/wp-json\/wp\/v2\/posts\/47077"}],"collection":[{"href":"https:\/\/blogs.sld.cu\/marionod\/wp-json\/wp\/v2\/posts"}],"about":[{"href":"https:\/\/blogs.sld.cu\/marionod\/wp-json\/wp\/v2\/types\/post"}],"author":[{"embeddable":true,"href":"https:\/\/blogs.sld.cu\/marionod\/wp-json\/wp\/v2\/users\/126"}],"replies":[{"embeddable":true,"href":"https:\/\/blogs.sld.cu\/marionod\/wp-json\/wp\/v2\/comments?post=47077"}],"version-history":[{"count":1,"href":"https:\/\/blogs.sld.cu\/marionod\/wp-json\/wp\/v2\/posts\/47077\/revisions"}],"predecessor-version":[{"id":47078,"href":"https:\/\/blogs.sld.cu\/marionod\/wp-json\/wp\/v2\/posts\/47077\/revisions\/47078"}],"wp:attachment":[{"href":"https:\/\/blogs.sld.cu\/marionod\/wp-json\/wp\/v2\/media?parent=47077"}],"wp:term":[{"taxonomy":"category","embeddable":true,"href":"https:\/\/blogs.sld.cu\/marionod\/wp-json\/wp\/v2\/categories?post=47077"},{"taxonomy":"post_tag","embeddable":true,"href":"https:\/\/blogs.sld.cu\/marionod\/wp-json\/wp\/v2\/tags?post=47077"}],"curies":[{"name":"wp","href":"https:\/\/api.w.org\/{rel}","templated":true}]}}