{"id":47801,"date":"2024-02-05T18:20:08","date_gmt":"2024-02-05T22:20:08","guid":{"rendered":"https:\/\/blogs.sld.cu\/marionod\/?p=47801"},"modified":"2024-02-05T18:20:08","modified_gmt":"2024-02-05T22:20:08","slug":"adolescere","status":"publish","type":"post","link":"https:\/\/blogs.sld.cu\/marionod\/2024\/02\/05\/adolescere\/","title":{"rendered":"Adolescere"},"content":{"rendered":"<p><a href=\"https:\/\/www.adolescere.es\/\" target=\"_blank\" rel=\"noopener\">Adolescere<\/a><\/p>\n<p>Revista a texto completo y arbitrada y de Formaci\u00f3n Continuada fundada en 2013. En ella se incluyen todos los aspectos relacionados con los problemas y necesidades de salud del adolescente: temas de revisi\u00f3n tanto org\u00e1nicos como psicosociales, protocolos-gu\u00edas de actuaci\u00f3n, casos cl\u00ednicos, revisiones bibliogr\u00e1ficas, art\u00edculos cient\u00edficos originales, novedades cient\u00edficas, experiencias cl\u00ednicas, as\u00ed como respuestas a las inquietudes de adolescentes y padres. Es el \u00f3rgano de expresi\u00f3n de la <a href=\"https:\/\/www.adolescenciasema.org\/\" target=\"_blank\" rel=\"noopener\">Sociedad Espa\u00f1ola de Medicina de la Adolescencia (SEMA)<\/a>.<br \/>\nAdolescere facilita una difusi\u00f3n m\u00e1s amplia del conocimiento, tanto a nivel nacional como internacional. Para los coordinadores y colaboradores constituye un gran reto elevar el nivel de la revista, impulsando la formaci\u00f3n en los diferentes campos de la Medicina de la Adolescencia: desde trastornos org\u00e1nicos, problemas psicol\u00f3gicos y sociales en la escuela, con los amigos o en la familia, prevenci\u00f3n de las conductas de riesgo como la violencia, accidentes, trastornos nutricionales, el consumo de tabaco, alcohol y otras drogas as\u00ed como los comportamientos sexuales arriesgados y el uso de las TICs, entre otros.<br \/>\nla revista invita a enviar art\u00edculos originales, sugerencias sobre temas de inter\u00e9s, prevenci\u00f3n y casos cl\u00ednicos.<\/p>\n","protected":false},"excerpt":{"rendered":"<p>Adolescere Revista a texto completo y arbitrada y de Formaci\u00f3n Continuada fundada en 2013. En ella se incluyen todos los aspectos relacionados con los problemas y necesidades de salud del adolescente: temas de revisi\u00f3n tanto org\u00e1nicos como psicosociales, protocolos-gu\u00edas de actuaci\u00f3n, casos cl\u00ednicos, revisiones bibliogr\u00e1ficas, art\u00edculos cient\u00edficos originales, novedades cient\u00edficas, experiencias cl\u00ednicas, as\u00ed como respuestas [&hellip;]<\/p>\n","protected":false},"author":126,"featured_media":0,"comment_status":"open","ping_status":"open","sticky":false,"template":"","format":"standard","meta":[],"categories":[190,36,9,22],"tags":[],"_links":{"self":[{"href":"https:\/\/blogs.sld.cu\/marionod\/wp-json\/wp\/v2\/posts\/47801"}],"collection":[{"href":"https:\/\/blogs.sld.cu\/marionod\/wp-json\/wp\/v2\/posts"}],"about":[{"href":"https:\/\/blogs.sld.cu\/marionod\/wp-json\/wp\/v2\/types\/post"}],"author":[{"embeddable":true,"href":"https:\/\/blogs.sld.cu\/marionod\/wp-json\/wp\/v2\/users\/126"}],"replies":[{"embeddable":true,"href":"https:\/\/blogs.sld.cu\/marionod\/wp-json\/wp\/v2\/comments?post=47801"}],"version-history":[{"count":1,"href":"https:\/\/blogs.sld.cu\/marionod\/wp-json\/wp\/v2\/posts\/47801\/revisions"}],"predecessor-version":[{"id":47802,"href":"https:\/\/blogs.sld.cu\/marionod\/wp-json\/wp\/v2\/posts\/47801\/revisions\/47802"}],"wp:attachment":[{"href":"https:\/\/blogs.sld.cu\/marionod\/wp-json\/wp\/v2\/media?parent=47801"}],"wp:term":[{"taxonomy":"category","embeddable":true,"href":"https:\/\/blogs.sld.cu\/marionod\/wp-json\/wp\/v2\/categories?post=47801"},{"taxonomy":"post_tag","embeddable":true,"href":"https:\/\/blogs.sld.cu\/marionod\/wp-json\/wp\/v2\/tags?post=47801"}],"curies":[{"name":"wp","href":"https:\/\/api.w.org\/{rel}","templated":true}]}}