{"id":48393,"date":"2024-06-05T08:49:48","date_gmt":"2024-06-05T12:49:48","guid":{"rendered":"https:\/\/blogs.sld.cu\/marionod\/?p=48393"},"modified":"2024-06-05T08:49:48","modified_gmt":"2024-06-05T12:49:48","slug":"frontiers-in-epigenetics-and-epigenomics","status":"publish","type":"post","link":"https:\/\/blogs.sld.cu\/marionod\/2024\/06\/05\/frontiers-in-epigenetics-and-epigenomics\/","title":{"rendered":"Frontiers in Epigenetics and Epigenomics"},"content":{"rendered":"<p><a href=\"https:\/\/www.frontiersin.org\/journals\/epigenetics-and-epigenomics\" target=\"_blank\" rel=\"noopener\">Frontiers in Epigenetics and Epigenomics<\/a><\/p>\n<p>Revista interdisciplinaria a texto completo y arbitrada de la editorial Frontiers Media S.A, que explora los procesos biol\u00f3gicos fundamentales de la epigen\u00e9tica y la epigen\u00f3mica para avanzar en nuestra comprensi\u00f3n de la biolog\u00eda, el desarrollo y las enfermedades celulares, unidos por los conceptos de memoria celular y diferenciaci\u00f3n.<br \/>\nLos temas de inter\u00e9s incluyen, entre otros:<br \/>\nepigen\u00f3mica de la cromatina<br \/>\nepigen\u00e9tica y metabolismo<br \/>\nherramientas epigen\u00f3micas<br \/>\nepigen\u00e9tica vegetal<\/p>\n<p>Tipos de art\u00edculos:<br \/>\ninforme breve de investigaci\u00f3n<br \/>\nclasificaci\u00f3n<br \/>\ncorrecci\u00f3n<br \/>\ninforme de datos<br \/>\neditorial<br \/>\ncomentario general<br \/>\nhip\u00f3tesis y teor\u00eda<br \/>\nm\u00e9todos<br \/>\nminirevisi\u00f3n<br \/>\nopini\u00f3n<br \/>\ninvestigaci\u00f3n original<br \/>\nperspectiva<br \/>\nrevisi\u00f3n<br \/>\nrevisi\u00f3n sistem\u00e1tica<\/p>\n<p>Idioma: ingl\u00e9s<\/p>\n","protected":false},"excerpt":{"rendered":"<p>Frontiers in Epigenetics and Epigenomics Revista interdisciplinaria a texto completo y arbitrada de la editorial Frontiers Media S.A, que explora los procesos biol\u00f3gicos fundamentales de la epigen\u00e9tica y la epigen\u00f3mica para avanzar en nuestra comprensi\u00f3n de la biolog\u00eda, el desarrollo y las enfermedades celulares, unidos por los conceptos de memoria celular y diferenciaci\u00f3n. Los temas [&hellip;]<\/p>\n","protected":false},"author":126,"featured_media":0,"comment_status":"open","ping_status":"open","sticky":false,"template":"","format":"standard","meta":[],"categories":[251,1741,2051,1929,9],"tags":[],"_links":{"self":[{"href":"https:\/\/blogs.sld.cu\/marionod\/wp-json\/wp\/v2\/posts\/48393"}],"collection":[{"href":"https:\/\/blogs.sld.cu\/marionod\/wp-json\/wp\/v2\/posts"}],"about":[{"href":"https:\/\/blogs.sld.cu\/marionod\/wp-json\/wp\/v2\/types\/post"}],"author":[{"embeddable":true,"href":"https:\/\/blogs.sld.cu\/marionod\/wp-json\/wp\/v2\/users\/126"}],"replies":[{"embeddable":true,"href":"https:\/\/blogs.sld.cu\/marionod\/wp-json\/wp\/v2\/comments?post=48393"}],"version-history":[{"count":1,"href":"https:\/\/blogs.sld.cu\/marionod\/wp-json\/wp\/v2\/posts\/48393\/revisions"}],"predecessor-version":[{"id":48394,"href":"https:\/\/blogs.sld.cu\/marionod\/wp-json\/wp\/v2\/posts\/48393\/revisions\/48394"}],"wp:attachment":[{"href":"https:\/\/blogs.sld.cu\/marionod\/wp-json\/wp\/v2\/media?parent=48393"}],"wp:term":[{"taxonomy":"category","embeddable":true,"href":"https:\/\/blogs.sld.cu\/marionod\/wp-json\/wp\/v2\/categories?post=48393"},{"taxonomy":"post_tag","embeddable":true,"href":"https:\/\/blogs.sld.cu\/marionod\/wp-json\/wp\/v2\/tags?post=48393"}],"curies":[{"name":"wp","href":"https:\/\/api.w.org\/{rel}","templated":true}]}}