{"id":6811,"date":"2010-01-30T23:07:30","date_gmt":"2010-01-31T03:07:30","guid":{"rendered":"http:\/\/blogviejo.sld.cu\/marionod\/?p=6811"},"modified":"2010-01-30T23:07:30","modified_gmt":"2010-01-31T03:07:30","slug":"consenso-de-asma-neumologia-y-alergia-pediatrica-version-definitiva","status":"publish","type":"post","link":"https:\/\/blogs.sld.cu\/marionod\/2010\/01\/30\/consenso-de-asma-neumologia-y-alergia-pediatrica-version-definitiva\/","title":{"rendered":"Consenso de Asma, Neumolog\u00eda y Alergia Pedi\u00e1trica. Versi\u00f3n Definitiva"},"content":{"rendered":"<p><a href=\"http:\/\/www.seicap.es\/ver-informe.asp?sec=45&amp;msg=44&amp;s1=\" target=\"_blank\">Consenso de Asma, Neumolog\u00eda y Alergia Pedi\u00e1trica. Versi\u00f3n Definitiva<\/a><\/p>\n<p>La <a href=\"http:\/\/www.seicap.es\/\" target=\"_blank\">Sociedad Espa\u00f1ola de Inmunolog\u00eda Cl\u00ednica y Alergia Pedi\u00e1trica <\/a>y la <a href=\"http:\/\/www.neumoped.org\/\" target=\"_blank\">Sociedad Espa\u00f1ola de Neumolog\u00eda Pedi\u00e1trica <\/a>han publicado este documento de consenso donde\u00a0 se recoge lo esencial en el tratamiento del asma en el ni\u00f1o en una visi\u00f3n unificadora de criterios, hasta ahora, aparentemente diversos ha incluido la predicci\u00f3n del fenotipo de asma como una variable a tener en cuenta en algunas decisiones terap\u00e9uticas.<br \/>\nLo m\u00e1s importante del documento es la conjunci\u00f3n de dos visiones \u2013hasta ahora aparentemente distintas- sobre el asma en el ni\u00f1o. El objetivo fundamental es, por tanto, ofrecer un criterio claro y uniforme sobre el tratamiento del asma en pediatr\u00eda<a href=\"http:\/\/www.neumoped.org\/\" target=\"_blank\"><br \/>\n<\/a><\/p>\n","protected":false},"excerpt":{"rendered":"<p>Consenso de Asma, Neumolog\u00eda y Alergia Pedi\u00e1trica. Versi\u00f3n Definitiva La Sociedad Espa\u00f1ola de Inmunolog\u00eda Cl\u00ednica y Alergia Pedi\u00e1trica y la Sociedad Espa\u00f1ola de Neumolog\u00eda Pedi\u00e1trica han publicado este documento de consenso donde\u00a0 se recoge lo esencial en el tratamiento del asma en el ni\u00f1o en una visi\u00f3n unificadora de criterios, hasta ahora, aparentemente diversos ha [&hellip;]<\/p>\n","protected":false},"author":126,"featured_media":0,"comment_status":"open","ping_status":"open","sticky":false,"template":"","format":"standard","meta":[],"categories":[306,442,152,342,36,22],"tags":[],"_links":{"self":[{"href":"https:\/\/blogs.sld.cu\/marionod\/wp-json\/wp\/v2\/posts\/6811"}],"collection":[{"href":"https:\/\/blogs.sld.cu\/marionod\/wp-json\/wp\/v2\/posts"}],"about":[{"href":"https:\/\/blogs.sld.cu\/marionod\/wp-json\/wp\/v2\/types\/post"}],"author":[{"embeddable":true,"href":"https:\/\/blogs.sld.cu\/marionod\/wp-json\/wp\/v2\/users\/126"}],"replies":[{"embeddable":true,"href":"https:\/\/blogs.sld.cu\/marionod\/wp-json\/wp\/v2\/comments?post=6811"}],"version-history":[{"count":0,"href":"https:\/\/blogs.sld.cu\/marionod\/wp-json\/wp\/v2\/posts\/6811\/revisions"}],"wp:attachment":[{"href":"https:\/\/blogs.sld.cu\/marionod\/wp-json\/wp\/v2\/media?parent=6811"}],"wp:term":[{"taxonomy":"category","embeddable":true,"href":"https:\/\/blogs.sld.cu\/marionod\/wp-json\/wp\/v2\/categories?post=6811"},{"taxonomy":"post_tag","embeddable":true,"href":"https:\/\/blogs.sld.cu\/marionod\/wp-json\/wp\/v2\/tags?post=6811"}],"curies":[{"name":"wp","href":"https:\/\/api.w.org\/{rel}","templated":true}]}}