{"id":8435,"date":"2010-04-18T13:57:36","date_gmt":"2010-04-18T17:57:36","guid":{"rendered":"http:\/\/blogviejo.sld.cu\/marionod\/?p=8435"},"modified":"2010-04-18T13:57:36","modified_gmt":"2010-04-18T17:57:36","slug":"revista-neurociencias","status":"publish","type":"post","link":"https:\/\/blogs.sld.cu\/marionod\/2010\/04\/18\/revista-neurociencias\/","title":{"rendered":"Revista Neuroci\u00eancias"},"content":{"rendered":"<p><a href=\"http:\/\/www.revistaneurociencias.com.br\/\" target=\"_blank\">Revista Neuroci\u00eancias<\/a><\/p>\n<p><span class=\"long_text\"><span title=\"\u00e9 um peri\u00f3dico com volumes anuais e n\u00fameros  trimestrais, publicados em mar\u00e7o, junho, setembro e dezembro.\">Revista a texto completo que es una  publicaci\u00f3n peri\u00f3dica con n\u00fameros trimestrales y anuales de los  vol\u00famenes, publicada en marzo, junio, septiembre y diciembre <\/span><\/span><span class=\"long_text\"><span title=\"Dr. Gilmar  Fernandes do Prado, desde 2004, e conta com a administra\u00e7\u00e3o da  Associa\u00e7\u00e3o Neuro-Sono, em S\u00e3o Paulo-SP.\">bajo la administraci\u00f3n de la  Asociaci\u00f3n Neuro-Sono,  S\u00e3o Paulo<\/span><\/span><span class=\"long_text\"><span title=\"\u00e9 um peri\u00f3dico com volumes anuais e n\u00fameros  trimestrais, publicados em mar\u00e7o, junho, setembro e dezembro.\">. <\/span><span title=\"Foi fundada em 1993 pelo Prof.\"><\/span><span title=\"Publica artigos de interesse cient\u00edfico e tecnol\u00f3gico, voltada \u00e0  Neurologia e \u00e0s ci\u00eancias afins, realizados por profissionais dessas  \u00e1reas, resultantes de estudos cl\u00ednicos ou com \u00eanfase em temas de cunho  pr\u00e1tico, espec\u00edficos ou interdisciplinares.\">Publica art\u00edculos de  inter\u00e9s cient\u00edfico y tecnol\u00f3gico, centrada en neurolog\u00eda y ciencias  afines, a cargo de profesionales en estas \u00e1reas, resultante de los  estudios cl\u00ednicos con \u00e9nfasis en temas de formaci\u00f3n pr\u00e1ctica, ya sean  espec\u00edficos o interdisciplinarios. <\/span><span title=\"Todos os artigos s\u00e3o revisados por pares  (peer review) e pelo Corpo Editorial.\">Todos los art\u00edculos son revisados  por pares (peer review) y el Consejo Editorial.<\/span><span title=\"Trabalhos  apresentados em Congressos ou Reuni\u00f5es Cient\u00edficas de \u00e1reas afins  poder\u00e3o constituir-se de anais em n\u00fameros ou suplementos especiais da  Revista Neuroci\u00eancias.\">Idioma: portugu\u00e9s<br \/>\n<\/span><\/span><\/p>\n","protected":false},"excerpt":{"rendered":"<p>Revista Neuroci\u00eancias Revista a texto completo que es una publicaci\u00f3n peri\u00f3dica con n\u00fameros trimestrales y anuales de los vol\u00famenes, publicada en marzo, junio, septiembre y diciembre bajo la administraci\u00f3n de la Asociaci\u00f3n Neuro-Sono, S\u00e3o Paulo. Publica art\u00edculos de inter\u00e9s cient\u00edfico y tecnol\u00f3gico, centrada en neurolog\u00eda y ciencias afines, a cargo de profesionales en estas \u00e1reas, [&hellip;]<\/p>\n","protected":false},"author":126,"featured_media":0,"comment_status":"open","ping_status":"open","sticky":false,"template":"","format":"standard","meta":[],"categories":[189,13,9],"tags":[],"_links":{"self":[{"href":"https:\/\/blogs.sld.cu\/marionod\/wp-json\/wp\/v2\/posts\/8435"}],"collection":[{"href":"https:\/\/blogs.sld.cu\/marionod\/wp-json\/wp\/v2\/posts"}],"about":[{"href":"https:\/\/blogs.sld.cu\/marionod\/wp-json\/wp\/v2\/types\/post"}],"author":[{"embeddable":true,"href":"https:\/\/blogs.sld.cu\/marionod\/wp-json\/wp\/v2\/users\/126"}],"replies":[{"embeddable":true,"href":"https:\/\/blogs.sld.cu\/marionod\/wp-json\/wp\/v2\/comments?post=8435"}],"version-history":[{"count":0,"href":"https:\/\/blogs.sld.cu\/marionod\/wp-json\/wp\/v2\/posts\/8435\/revisions"}],"wp:attachment":[{"href":"https:\/\/blogs.sld.cu\/marionod\/wp-json\/wp\/v2\/media?parent=8435"}],"wp:term":[{"taxonomy":"category","embeddable":true,"href":"https:\/\/blogs.sld.cu\/marionod\/wp-json\/wp\/v2\/categories?post=8435"},{"taxonomy":"post_tag","embeddable":true,"href":"https:\/\/blogs.sld.cu\/marionod\/wp-json\/wp\/v2\/tags?post=8435"}],"curies":[{"name":"wp","href":"https:\/\/api.w.org\/{rel}","templated":true}]}}