{"id":8908,"date":"2010-05-15T21:51:24","date_gmt":"2010-05-16T01:51:24","guid":{"rendered":"http:\/\/blogviejo.sld.cu\/marionod\/?p=8908"},"modified":"2010-05-15T21:51:24","modified_gmt":"2010-05-16T01:51:24","slug":"tracciones-vertebrales","status":"publish","type":"post","link":"https:\/\/blogs.sld.cu\/marionod\/2010\/05\/15\/tracciones-vertebrales\/","title":{"rendered":"Tracciones vertebrales"},"content":{"rendered":"<p><a href=\"http:\/\/facilsalud.com\/libros\/ENCICLOPEDIAS%20DEPORTIVAS\/Medicina%20Fisica\/Metodos\/Tracciones%20Vertebrales.pdf\" target=\"_blank\">Tracciones vertebrales<\/a><\/p>\n<p>Las tracciones vertebrales o elongaciones, utilizadas desde la antig\u00fcedad con fines terap\u00e9uticos, consisten en la aplicaci\u00f3n de dos fuerzas de sentidos opuestos siguiendo el eje mayor de la columna vertebral o una direcci\u00f3n similar. Se trata de reducir una lesi\u00f3n traum\u00e1tica, de modificar una o varias curvaturas de la columna, o de reducir los s\u00edntomas y dolores propios de trastornos frecuentes. En este texto s\u00f3lo se trata el \u00faltimo aspecto. El inter\u00e9s de estas t\u00e9cnicas para el tratamiento de los dolores vertebrales comunes es reciente. En Francia, han conocido un importante auge a partir de la d\u00e9cada del 40, con los trabajos de Levernieux y De S\u00e8ze, as\u00ed como de Caruette, Sambucy,Ravault, Vignon, Coste y Galmiche, que ten\u00edan un objetivo anti\u00e1lgico. Numerosos m\u00e9todos y aparatos\u00a0 vieron la luz. Actualmente existe una tendencia a la simplificaci\u00f3n y a la normalizaci\u00f3n de las mesas de tracci\u00f3n junto a un importante esfuerzo de evaluaci\u00f3n cl\u00ednica y de comprensi\u00f3n del mecanismo de acci\u00f3n de este tratamiento, cuya t\u00e9cnica b\u00e1sica no ha cambiado en esencia desde los tiempos de Hip\u00f3crates.<\/p>\n","protected":false},"excerpt":{"rendered":"<p>Tracciones vertebrales Las tracciones vertebrales o elongaciones, utilizadas desde la antig\u00fcedad con fines terap\u00e9uticos, consisten en la aplicaci\u00f3n de dos fuerzas de sentidos opuestos siguiendo el eje mayor de la columna vertebral o una direcci\u00f3n similar. Se trata de reducir una lesi\u00f3n traum\u00e1tica, de modificar una o varias curvaturas de la columna, o de reducir [&hellip;]<\/p>\n","protected":false},"author":126,"featured_media":0,"comment_status":"open","ping_status":"open","sticky":false,"template":"","format":"standard","meta":[],"categories":[229,101,102,1320],"tags":[],"_links":{"self":[{"href":"https:\/\/blogs.sld.cu\/marionod\/wp-json\/wp\/v2\/posts\/8908"}],"collection":[{"href":"https:\/\/blogs.sld.cu\/marionod\/wp-json\/wp\/v2\/posts"}],"about":[{"href":"https:\/\/blogs.sld.cu\/marionod\/wp-json\/wp\/v2\/types\/post"}],"author":[{"embeddable":true,"href":"https:\/\/blogs.sld.cu\/marionod\/wp-json\/wp\/v2\/users\/126"}],"replies":[{"embeddable":true,"href":"https:\/\/blogs.sld.cu\/marionod\/wp-json\/wp\/v2\/comments?post=8908"}],"version-history":[{"count":0,"href":"https:\/\/blogs.sld.cu\/marionod\/wp-json\/wp\/v2\/posts\/8908\/revisions"}],"wp:attachment":[{"href":"https:\/\/blogs.sld.cu\/marionod\/wp-json\/wp\/v2\/media?parent=8908"}],"wp:term":[{"taxonomy":"category","embeddable":true,"href":"https:\/\/blogs.sld.cu\/marionod\/wp-json\/wp\/v2\/categories?post=8908"},{"taxonomy":"post_tag","embeddable":true,"href":"https:\/\/blogs.sld.cu\/marionod\/wp-json\/wp\/v2\/tags?post=8908"}],"curies":[{"name":"wp","href":"https:\/\/api.w.org\/{rel}","templated":true}]}}