{"id":927,"date":"2008-06-18T16:08:27","date_gmt":"2008-06-18T20:08:27","guid":{"rendered":"http:\/\/blogviejo.sld.cu\/marionod\/2008\/06\/18\/revista-ecuatoriana-de-pediatria\/"},"modified":"2023-01-17T12:13:26","modified_gmt":"2023-01-17T16:13:26","slug":"revista-ecuatoriana-de-pediatria","status":"publish","type":"post","link":"https:\/\/blogs.sld.cu\/marionod\/2008\/06\/18\/revista-ecuatoriana-de-pediatria\/","title":{"rendered":"Revista Ecuatoriana de Pediatr\u00eda"},"content":{"rendered":"<p align=\"left\"><a href=\"http:\/\/rev-sep.ec\/index.php\/johs\" target=\"_blank\" rel=\"noopener\">Revista Ecuatoriana de Pediatr\u00eda<\/a><\/p>\n<p align=\"left\">Revista a texto completo y arbitrada , de frecuencia trimestral (Abril, Agosto, Diciembre), que es el \u00f3rgano oficial de la Sociedad Ecuatoriana de Pediatr\u00eda, n\u00facleo Quito, que cubre todas las \u00e1reas relacionadas a la Pediatr\u00eda y sus especialidades: Cirug\u00eda pedi\u00e1trica, Pediatr\u00eda general, Neonatolog\u00eda, Cuidados intensivos pedi\u00e1tricos, Cuidados del ni\u00f1o y otras especialidades m\u00e9dicas derivadas de la especialidad pedi\u00e1trica.\u00a0 Considerar\u00e1 para su publicaci\u00f3n los trabajos relacionados con la Pediatr\u00eda y sus especialidades. La revista publica art\u00edculos originales, casos originales, casos cl\u00ednicos, art\u00edculos de revisi\u00f3n, temas de educaci\u00f3n m\u00e9dica, comunicaciones breves, editorial y editoriales por invitaci\u00f3n y noticias de la Pediatr\u00eda Ecuatoriana. Idioma: ingl\u00e9s y espa\u00f1ol<\/p>\n<p align=\"left\">\n","protected":false},"excerpt":{"rendered":"<p>Revista Ecuatoriana de Pediatr\u00eda Revista a texto completo y arbitrada , de frecuencia trimestral (Abril, Agosto, Diciembre), que es el \u00f3rgano oficial de la Sociedad Ecuatoriana de Pediatr\u00eda, n\u00facleo Quito, que cubre todas las \u00e1reas relacionadas a la Pediatr\u00eda y sus especialidades: Cirug\u00eda pedi\u00e1trica, Pediatr\u00eda general, Neonatolog\u00eda, Cuidados intensivos pedi\u00e1tricos, Cuidados del ni\u00f1o y otras [&hellip;]<\/p>\n","protected":false},"author":126,"featured_media":0,"comment_status":"open","ping_status":"open","sticky":false,"template":"","format":"standard","meta":[],"categories":[191,36,9],"tags":[],"_links":{"self":[{"href":"https:\/\/blogs.sld.cu\/marionod\/wp-json\/wp\/v2\/posts\/927"}],"collection":[{"href":"https:\/\/blogs.sld.cu\/marionod\/wp-json\/wp\/v2\/posts"}],"about":[{"href":"https:\/\/blogs.sld.cu\/marionod\/wp-json\/wp\/v2\/types\/post"}],"author":[{"embeddable":true,"href":"https:\/\/blogs.sld.cu\/marionod\/wp-json\/wp\/v2\/users\/126"}],"replies":[{"embeddable":true,"href":"https:\/\/blogs.sld.cu\/marionod\/wp-json\/wp\/v2\/comments?post=927"}],"version-history":[{"count":2,"href":"https:\/\/blogs.sld.cu\/marionod\/wp-json\/wp\/v2\/posts\/927\/revisions"}],"predecessor-version":[{"id":45967,"href":"https:\/\/blogs.sld.cu\/marionod\/wp-json\/wp\/v2\/posts\/927\/revisions\/45967"}],"wp:attachment":[{"href":"https:\/\/blogs.sld.cu\/marionod\/wp-json\/wp\/v2\/media?parent=927"}],"wp:term":[{"taxonomy":"category","embeddable":true,"href":"https:\/\/blogs.sld.cu\/marionod\/wp-json\/wp\/v2\/categories?post=927"},{"taxonomy":"post_tag","embeddable":true,"href":"https:\/\/blogs.sld.cu\/marionod\/wp-json\/wp\/v2\/tags?post=927"}],"curies":[{"name":"wp","href":"https:\/\/api.w.org\/{rel}","templated":true}]}}