{"id":1042,"date":"2011-06-18T22:00:15","date_gmt":"2011-06-19T02:00:15","guid":{"rendered":"http:\/\/blogviejo.sld.cu\/mirthai\/?p=1042"},"modified":"2011-06-18T22:00:15","modified_gmt":"2011-06-19T02:00:15","slug":"mas-abanico-terapeutico-para-tratar-la-hepatitis-c","status":"publish","type":"post","link":"https:\/\/blogs.sld.cu\/mirthai\/2011\/06\/18\/mas-abanico-terapeutico-para-tratar-la-hepatitis-c\/","title":{"rendered":"M\u00e1s abanico terap\u00e9utico para tratar la hepatitis C"},"content":{"rendered":"<div>&#8220;El LXX Congreso de la Sociedad Espa\u00f1ola de Patolog\u00eda  Digestiva (SEPD) est\u00e1 dando resultados mejores de los esperados&#8221;. As\u00ed lo  ha afirmado J. Enrique Dom\u00ednguez, presidente de la Sociedad Espa\u00f1ola de  Patolog\u00eda Digetiva y jefe del Servicio de Aparato Digestivo del  Hospital Cl\u00ednico de Santiago de Compostela, que se ha mostrado muy  satisfecho al haber superado las expectativas previstas.La cita ha contado con cerca de 600 trabajos, tanto de  investigaci\u00f3n como de experiencia cl\u00ednica, y de entre los temas que se  han abordado, Dom\u00ednguez ha destacado el tratamiento endosc\u00f3pico del  c\u00e1ncer de es\u00f3fago en fases iniciales y las bases para el diagn\u00f3stico  precoz del c\u00e1ncer de p\u00e1ncreas de alto riesgo.<\/p>\n<p><strong>Trabajo conjunto<\/strong><br \/>\nPor otra parte, Fernando  Carballo, responsable del Comit\u00e9 de Excelencia Cl\u00ednica de la SEPD y jefe  del Servicio de Aparato Digestivo del Hospital Virgen de La Arrixaca,  de Murcia, ha se\u00f1alado que cualquier c\u00e1ncer avanzado implica  sufrimiento, coste y menor probabilidad de sobrevivir, lo que justifica  el trabajo conjunto de los especialistas de digestivo para atacar esta  enfermedad en sus or\u00edgenes. &#8220;Sin abandonar la lucha permanente y  sostenida por el c\u00e1ncer en todos sus estadios, los m\u00e9dicos debemos  mentalizar a la poblaci\u00f3n de la importancia de la prevenci\u00f3n primaria y,  al mismo tiempo, favorecer su participaci\u00f3n en el cribado  institucional&#8221;.<\/p>\n<p>En cuanto a la cuesti\u00f3n de la hepatitis C, el catedr\u00e1tico  Agust\u00edn Albillos, presidente del Comit\u00e9 Cient\u00edfico de la SEPD que ejerce  en el Servicio de Gastroentereolog\u00eda del Hospital Ram\u00f3n y Cajal, de  Madrid, ha hecho referencia a la amplitud del abanico terap\u00e9utico. &#8220;Las  posibilidades de tratamiento de estos pacientes se van a ampliar con la  introducci\u00f3n en el mercado de dos nuevos f\u00e1rmacos pertenecientes al  grupo de los inhibidores de la proteasa&#8221;. Esto supondr\u00eda unas tasas de  curaci\u00f3n m\u00e1s eficaces, pasando de un 40 a un 70 por ciento.<\/p>\n<p>Asimismo, Albillos ha destacado la individualizaci\u00f3n del  tratamiento de la hepatitis C para conseguir identificar a pacientes que  por sus caracter\u00edsticas gen\u00e9ticas van a responder mejor a las distintas  terapias existentes, y ha comentado que se trabaja en el desarrollo de  nuevas soluciones para la cirrosis y el c\u00e1ncer de h\u00edgado. &#8220;Del  diagn\u00f3stico precoz de este \u00faltimo depende que los pacientes accedan a  terapias potencialmente curativas&#8221;.<\/p>\n<\/div>\n","protected":false},"excerpt":{"rendered":"<p>&#8220;El LXX Congreso de la Sociedad Espa\u00f1ola de Patolog\u00eda Digestiva (SEPD) est\u00e1 dando resultados mejores de los esperados&#8221;. As\u00ed lo ha afirmado J. Enrique Dom\u00ednguez, presidente de la Sociedad Espa\u00f1ola de Patolog\u00eda Digetiva y jefe del Servicio de Aparato Digestivo &hellip; <a href=\"https:\/\/blogs.sld.cu\/mirthai\/2011\/06\/18\/mas-abanico-terapeutico-para-tratar-la-hepatitis-c\/\">Sigue leyendo <span class=\"meta-nav\">&rarr;<\/span><\/a><\/p>\n","protected":false},"author":130,"featured_media":0,"comment_status":"open","ping_status":"open","sticky":false,"template":"","format":"standard","meta":[],"categories":[1],"tags":[],"_links":{"self":[{"href":"https:\/\/blogs.sld.cu\/mirthai\/wp-json\/wp\/v2\/posts\/1042"}],"collection":[{"href":"https:\/\/blogs.sld.cu\/mirthai\/wp-json\/wp\/v2\/posts"}],"about":[{"href":"https:\/\/blogs.sld.cu\/mirthai\/wp-json\/wp\/v2\/types\/post"}],"author":[{"embeddable":true,"href":"https:\/\/blogs.sld.cu\/mirthai\/wp-json\/wp\/v2\/users\/130"}],"replies":[{"embeddable":true,"href":"https:\/\/blogs.sld.cu\/mirthai\/wp-json\/wp\/v2\/comments?post=1042"}],"version-history":[{"count":0,"href":"https:\/\/blogs.sld.cu\/mirthai\/wp-json\/wp\/v2\/posts\/1042\/revisions"}],"wp:attachment":[{"href":"https:\/\/blogs.sld.cu\/mirthai\/wp-json\/wp\/v2\/media?parent=1042"}],"wp:term":[{"taxonomy":"category","embeddable":true,"href":"https:\/\/blogs.sld.cu\/mirthai\/wp-json\/wp\/v2\/categories?post=1042"},{"taxonomy":"post_tag","embeddable":true,"href":"https:\/\/blogs.sld.cu\/mirthai\/wp-json\/wp\/v2\/tags?post=1042"}],"curies":[{"name":"wp","href":"https:\/\/api.w.org\/{rel}","templated":true}]}}