{"id":205,"date":"2008-12-04T16:04:51","date_gmt":"2008-12-04T20:04:51","guid":{"rendered":"http:\/\/blogviejo.sld.cu\/mirthai\/2008\/12\/04\/sintomas-depresivos-y-grasa-abdominal\/"},"modified":"2008-12-04T16:04:51","modified_gmt":"2008-12-04T20:04:51","slug":"sintomas-depresivos-y-grasa-abdominal","status":"publish","type":"post","link":"https:\/\/blogs.sld.cu\/mirthai\/2008\/12\/04\/sintomas-depresivos-y-grasa-abdominal\/","title":{"rendered":"S\u00edntomas depresivos y grasa abdominal."},"content":{"rendered":"<p class=\"entradilla\"><em> Un estudio holand\u00e9s muestra que las personas de edad avanzada tienden a incrementar la cantidad de grasa en el abdomen, aunque no la grasa total.<\/em><\/p>\n<p> \t\t\t\t\t\t\t\t    var loadingImage = &#8216;http:\/\/www.jano.es\/jano\/lightbox\/loading.gif&#8217;;\t\t var closeButton = &#8216;http:\/\/www.jano.es\/jano\/lightbox\/close.gif&#8217;; var maxImageWidth = 950; var maxImageHeight = 730;       \t \tfunction init() \t{ \t\tdocument.vars.activa.value=&#8221;1&#8243;;  \t\t \t\tdocument.getElementById(&#8216;flecha_siguiente&#8217;).style.cursor=&#8217;pointer&#8217;; \t\t \t\tdocument.getElementById(&#8216;flecha_anterior&#8217;).style.cursor=&#8217;default&#8217;; \t\tdocument.getElementById(&#8216;flecha_anterior&#8217;).style.backgroundPosition=&#8217;bottom&#8217;; \t\t \t\tnum_imagenes = parseInt(document.vars.num_imagenes.value,10); \t\tif (num_imagenes==1) \t\t{ \t\t\tdocument.getElementById(&#8216;flecha_siguiente&#8217;).style.display=&#8217;none&#8217;; \t\t\tdocument.getElementById(&#8216;flecha_anterior&#8217;).style.display=&#8217;none&#8217;; \t\t} \t\tif (num_imagenes==0) \t\t{ \t\t\tdocument.getElementById(&#8216;imagenes&#8217;).style.display=&#8217;none&#8217;; \t\t} \t} \t \tfunction siguiente () \t{ \t\tnum_imagenes = parseInt(document.vars.num_imagenes.value,10); \t\tactiva = parseInt(document.vars.activa.value,10); \t\t \t\tif(activa1) \t\t{ \t\t\tactiva&#8211;; \t\t\tdocument.vars.activa.value=activa; \t\t\tmostrar(activa); \t\t\t \t\t\tdocument.getElementById(&#8216;flecha_siguiente&#8217;).style.cursor=&#8217;pointer&#8217;; \t\t\tdocument.getElementById(&#8216;flecha_siguiente&#8217;).style.backgroundPosition=&#8217;top&#8217;; \t\t\tif (activa==1) \t\t\t{ \t\t\t\tdocument.getElementById(&#8216;flecha_anterior&#8217;).style.cursor=&#8217;default&#8217;; \t\t\t\tdocument.getElementById(&#8216;flecha_anterior&#8217;).style.backgroundPosition=&#8217;bottom&#8217;; \t\t\t} \t\t\t \t\t} \t\t \t} \t \tfunction mostrar (activa) \t{ \t\tnum_imagenes = parseInt(document.vars.num_imagenes.value,10); \t\t\t\t \t\tif (document.getElementById)  \/\/ DOM3 = IE5, NS6 \t\t{ \t\t\tfor (i=1;i<\/p>\n<form name=\"vars\"> \t \t <\/form>\n<\/p>\n<p class=\"caja_imagenes\">\n<p class=\"flechas\"> \t\t\t\t\t<span class=\"boton_flecha_derecha\"><\/span> \t\t\t\t\t<span class=\"boton_flecha_izquierda\"><\/span><\/p>\n<p><!-- imagenes --> \tinit();Las personas mayores con s\u00edntomas de depresi\u00f3n parecen m\u00e1s propensas a incrementar su grasa abdominal, aunque no su grasa total, seg\u00fan un estudio del Centro M\u00e9dico de la Universidad Libre de Amsterdam (Pa\u00edses Bajos) que se publica en &#8220;<a href=\"http:\/\/archpsyc.ama-assn.org\/cgi\/content\/abstract\/65\/12\/1386\">Archives of General Psychiatry<\/a>&#8220;.<\/p>\n<p>Los investigadores explican que alrededor de entre el 10 y el 15% de las personas de edad avanzada presenta s\u00edntomas de depresi\u00f3n, trastorno que se ha asociado con el inicio de la diabetes, la enfermedad cardiovascular y la mortalidad card\u00edaca.<\/p>\n<p>Los cient\u00edficos estudiaron a 2.088 adultos de entre 70 y 79 a\u00f1os. Los participantes fueron examinados en relaci\u00f3n a la depresi\u00f3n al inicio del estudio y sus datos sobre obesidad abdominal se registraron entonces y al cabo de cinco a\u00f1os.<\/p>\n<p>Las medidas de obesidad global incluyeron el \u00edndice de masa corporal (IMC) y el porcentaje corporal de grasa y la obesidad abdominal se evaluaron utilizando la medida de circunferencia de cintura, el di\u00e1metro sagital (la distancia entre la espalda y el punto m\u00e1s alto del abdomen) y la grasa visceral entre los \u00f3rganos internos mediante tomograf\u00eda axial computerizada.<\/p>\n<p>El 4% de los participantes presentaba depresi\u00f3n al inicio del estudio. Despu\u00e9s de tener en cuenta caracter\u00edsticas sociodemogr\u00e1ficas y asociadas a los cambios de peso, la depresi\u00f3n se asoci\u00f3 con un aumento en el di\u00e1metro sagital y de la grasa visceral a lo largo de los cinco a\u00f1os de estudio.<\/p>\n<p>Los autores se\u00f1alan que existen varios mecanismos a trav\u00e9s de los cuales la depresi\u00f3n podr\u00eda aumentar la grasa abdominal. El estr\u00e9s cr\u00f3nico y la depresi\u00f3n podr\u00edan activar ciertas \u00e1reas del cerebro y conducir a mayores aumentos de cortisol, hormona que promueve la acumulaci\u00f3n de la grasa visceral. Los individuos con depresi\u00f3n podr\u00edan tener estilos de vida menos sanos, que incluir\u00edan una dieta pobre, que podr\u00eda interactuar con otros factores fisiol\u00f3gicos para producir un aumento en la obesidad abdominal.<\/p>\n<p>Seg\u00fan los investigadores, los resultados sugieren que los s\u00edntomas depresivos dan lugar a un aumento de la obesidad abdominal, en particular de grasa visceral, algo que parece m\u00e1s fuerte que la obesidad global. Los autores se\u00f1alan que el descubrimiento podr\u00eda tambi\u00e9n ayudar a explicar por qu\u00e9 la depresi\u00f3n a menudo est\u00e1 seguida por la diabetes o la enfermedad cardiovascular.<\/p>\n","protected":false},"excerpt":{"rendered":"<p>Un estudio holand\u00e9s muestra que las personas de edad avanzada tienden a incrementar la cantidad de grasa en el abdomen, aunque no la grasa total. var loadingImage = &#8216;http:\/\/www.jano.es\/jano\/lightbox\/loading.gif&#8217;; var closeButton = &#8216;http:\/\/www.jano.es\/jano\/lightbox\/close.gif&#8217;; var maxImageWidth = 950; var maxImageHeight = &hellip; <a href=\"https:\/\/blogs.sld.cu\/mirthai\/2008\/12\/04\/sintomas-depresivos-y-grasa-abdominal\/\">Sigue leyendo <span class=\"meta-nav\">&rarr;<\/span><\/a><\/p>\n","protected":false},"author":130,"featured_media":0,"comment_status":"open","ping_status":"open","sticky":false,"template":"","format":"standard","meta":[],"categories":[1],"tags":[],"_links":{"self":[{"href":"https:\/\/blogs.sld.cu\/mirthai\/wp-json\/wp\/v2\/posts\/205"}],"collection":[{"href":"https:\/\/blogs.sld.cu\/mirthai\/wp-json\/wp\/v2\/posts"}],"about":[{"href":"https:\/\/blogs.sld.cu\/mirthai\/wp-json\/wp\/v2\/types\/post"}],"author":[{"embeddable":true,"href":"https:\/\/blogs.sld.cu\/mirthai\/wp-json\/wp\/v2\/users\/130"}],"replies":[{"embeddable":true,"href":"https:\/\/blogs.sld.cu\/mirthai\/wp-json\/wp\/v2\/comments?post=205"}],"version-history":[{"count":0,"href":"https:\/\/blogs.sld.cu\/mirthai\/wp-json\/wp\/v2\/posts\/205\/revisions"}],"wp:attachment":[{"href":"https:\/\/blogs.sld.cu\/mirthai\/wp-json\/wp\/v2\/media?parent=205"}],"wp:term":[{"taxonomy":"category","embeddable":true,"href":"https:\/\/blogs.sld.cu\/mirthai\/wp-json\/wp\/v2\/categories?post=205"},{"taxonomy":"post_tag","embeddable":true,"href":"https:\/\/blogs.sld.cu\/mirthai\/wp-json\/wp\/v2\/tags?post=205"}],"curies":[{"name":"wp","href":"https:\/\/api.w.org\/{rel}","templated":true}]}}