{"id":2420,"date":"2014-12-06T17:50:56","date_gmt":"2014-12-06T17:50:56","guid":{"rendered":"http:\/\/blogs.sld.cu\/mirthai\/?p=2420"},"modified":"2014-12-06T17:50:56","modified_gmt":"2014-12-06T17:50:56","slug":"bienvenido-a-la-patria-gigante","status":"publish","type":"post","link":"https:\/\/blogs.sld.cu\/mirthai\/2014\/12\/06\/bienvenido-a-la-patria-gigante\/","title":{"rendered":"\u00a1Bienvenido a la Patria, Gigante!"},"content":{"rendered":"<p><a href=\"http:\/\/blogs.sld.cu\/mirthai\/files\/2014\/12\/felix_baez.jpg\"><img loading=\"lazy\" class=\"alignleft size-thumbnail wp-image-2421\" style=\"margin: 6px\" src=\"http:\/\/blogs.sld.cu\/mirthai\/files\/2014\/12\/felix_baez-150x150.jpg\" alt=\"\" width=\"150\" height=\"150\" \/><\/a><br \/>\nHoy me aparto de la t\u00f3nica habitual de este blogs para expresar el regocijo ante el <a href=\"http:\/\/www.cubadebate.cu\/noticias\/2014\/12\/06\/el-medico-cubano-felix-baez-ya-viene-de-regreso-a-la-habana-informan-autoridades-suizas\/\">inminente arribo a la Patria<\/a> del <strong>Dr. F\u00e9lix B\u00e1ez Sarr\u00eda.<\/strong><\/p>\n<p>Como todos conocen, enfrent\u00f3 al \u00c9bola como parte de la brigada m\u00e9dica del Contingente Henry Reeve desplegada en Sierra Leona. <a href=\"http:\/\/www.cubadebate.cu\/noticias\/2014\/11\/18\/medico-cubano-contagiado-con-ebola-en-sierra-leona-recibe-atencion-en-ginebra\/\">Enferm\u00f3<\/a> y fue trasladado a Ginebra, donde recibi\u00f3 tratamiento m\u00e9dico. Luch\u00f3 contra la mortal enfermedad con la valent\u00eda de un hijo de esta tierra cubana. Quien lo dude, que recuerde su viril gesto de <a href=\"http:\/\/www.cubadebate.cu\/noticias\/2014\/11\/21\/el-medico-cubano-con-bola-esta-estable-y-sin-dolores-agudos\/\">descender, caminado<\/a>, la escalerilla del avi\u00f3n que lo llev\u00f3 hasta Suiza. Si la imagen me result\u00f3 sobrecogedora, me estremec\u00ed m\u00e1s cuando supe por la prensa que en ese momento estaba grave, con manifestaciones respiratorias y digestivas adem\u00e1s de trastornos de la coagulaci\u00f3n. Tambi\u00e9n admir\u00e9 los gestos de fortaleza de su familia, <a href=\"http:\/\/www.cubadebate.cu\/noticias\/2014\/11\/19\/mensaje-en-cubadebate-del-hijo-del-dr-felix-baez\/\">expresados por su hijo Alejandro<\/a>, as\u00ed como las innumerables muestras de apoyo y solidaridad que mostraron muchas personas del mundo y sobre todo, de nuestro terru\u00f1o.<\/p>\n<p>Desde este espacio expresamos nuestra alegr\u00eda por la recuperaci\u00f3n de F\u00e9lix en nombre de los gastroenter\u00f3logos cubanos. De los que lo conocemos y hemos trabajado con el en alg\u00fan momento de nuestras vidas (Mayito, Luisito, Amada, la M\u00fcller, Antol\u00edn, Ludmila, Maritza, Yesi, Dayron, otros m\u00e1s j\u00f3venes, otros que estuvieron de paso y quien suscribe esta nota). Pero tambi\u00e9n, estoy segura que muchos colegas coincidir\u00e1n conmigo en extenderle, por esta v\u00eda, un fuerte abrazo de hermano con la frase:<\/p>\n<p><strong>\u00a1Bienvenido a la Patria, Gigante!<\/strong><\/p>\n","protected":false},"excerpt":{"rendered":"<p>Hoy me aparto de la t\u00f3nica habitual de este blogs para expresar el regocijo ante el inminente arribo a la Patria del Dr. F\u00e9lix B\u00e1ez Sarr\u00eda. Como todos conocen, enfrent\u00f3 al \u00c9bola como parte de la brigada m\u00e9dica del Contingente &hellip; <a href=\"https:\/\/blogs.sld.cu\/mirthai\/2014\/12\/06\/bienvenido-a-la-patria-gigante\/\">Sigue leyendo <span class=\"meta-nav\">&rarr;<\/span><\/a><\/p>\n","protected":false},"author":130,"featured_media":0,"comment_status":"open","ping_status":"open","sticky":false,"template":"","format":"standard","meta":[],"categories":[23],"tags":[24],"_links":{"self":[{"href":"https:\/\/blogs.sld.cu\/mirthai\/wp-json\/wp\/v2\/posts\/2420"}],"collection":[{"href":"https:\/\/blogs.sld.cu\/mirthai\/wp-json\/wp\/v2\/posts"}],"about":[{"href":"https:\/\/blogs.sld.cu\/mirthai\/wp-json\/wp\/v2\/types\/post"}],"author":[{"embeddable":true,"href":"https:\/\/blogs.sld.cu\/mirthai\/wp-json\/wp\/v2\/users\/130"}],"replies":[{"embeddable":true,"href":"https:\/\/blogs.sld.cu\/mirthai\/wp-json\/wp\/v2\/comments?post=2420"}],"version-history":[{"count":2,"href":"https:\/\/blogs.sld.cu\/mirthai\/wp-json\/wp\/v2\/posts\/2420\/revisions"}],"predecessor-version":[{"id":2423,"href":"https:\/\/blogs.sld.cu\/mirthai\/wp-json\/wp\/v2\/posts\/2420\/revisions\/2423"}],"wp:attachment":[{"href":"https:\/\/blogs.sld.cu\/mirthai\/wp-json\/wp\/v2\/media?parent=2420"}],"wp:term":[{"taxonomy":"category","embeddable":true,"href":"https:\/\/blogs.sld.cu\/mirthai\/wp-json\/wp\/v2\/categories?post=2420"},{"taxonomy":"post_tag","embeddable":true,"href":"https:\/\/blogs.sld.cu\/mirthai\/wp-json\/wp\/v2\/tags?post=2420"}],"curies":[{"name":"wp","href":"https:\/\/api.w.org\/{rel}","templated":true}]}}