{"id":2154,"date":"2015-01-13T06:28:28","date_gmt":"2015-01-13T06:28:28","guid":{"rendered":"http:\/\/blogs.sld.cu\/oserranob\/?p=2154"},"modified":"2015-01-14T21:11:19","modified_gmt":"2015-01-14T21:11:19","slug":"fda-evaluara-diagnostico-basado-en-secuenciacion","status":"publish","type":"post","link":"https:\/\/blogs.sld.cu\/oserranob\/2015\/01\/13\/fda-evaluara-diagnostico-basado-en-secuenciacion\/","title":{"rendered":"FDA evaluar\u00e1 diagn\u00f3stico basado en secuenciaci\u00f3n"},"content":{"rendered":"<p><a href=\"https:\/\/blogs.sld.cu\/oserranob\/files\/2015\/01\/FDA.jpg\"><img loading=\"lazy\" class=\"alignleft  wp-image-2178\" style=\"border: 1px solid black;margin: 5px\" src=\"https:\/\/blogs.sld.cu\/oserranob\/files\/2015\/01\/FDA-150x149.jpg\" alt=\"\" width=\"90\" height=\"89\" \/><\/a>La <a title=\"Sitio de FDA\" href=\"http:\/\/www.fda.gov\/\" target=\"_blank\">Agencia de Medicamentos y Alimentos<\/a> (<a title=\"Sitio de FDA\" href=\"http:\/\/www.fda.gov\/\" target=\"_blank\">FDA<\/a> por sus siglas en ingl\u00e9s) de Estados Unidos realizar\u00e1 en el pr\u00f3ximo mes de febrero <a title=\"Informaci\u00f3n sobre el evento\" href=\"http:\/\/www.fda.gov\/MedicalDevices\/NewsEvents\/WorkshopsConferences\/ucm427296.htm\" target=\"_blank\">un taller<\/a> para discutir los aspectos regulatorios de los ensayos diagn\u00f3sticos basados en la secuenciaci\u00f3n de pr\u00f3xima generaci\u00f3n (NGS en ingl\u00e9s). El documento marco para el debate est\u00e1 <a title=\"PDF para descargar\" href=\"http:\/\/www.fda.gov\/downloads\/MedicalDevices\/NewsEvents\/WorkshopsConferences\/UCM427869.pdf\" target=\"_blank\">ya disponible<\/a>.<\/p>\n","protected":false},"excerpt":{"rendered":"<p>La Agencia de Medicamentos y Alimentos (FDA por sus siglas en ingl\u00e9s) de Estados Unidos realizar\u00e1 en el pr\u00f3ximo mes de febrero un taller para discutir los aspectos regulatorios de los ensayos diagn\u00f3sticos basados en la secuenciaci\u00f3n de pr\u00f3xima generaci\u00f3n (NGS en ingl\u00e9s). El documento marco para el debate est\u00e1 ya disponible.<\/p>\n","protected":false},"author":125,"featured_media":0,"comment_status":"open","ping_status":"closed","sticky":false,"template":"","format":"standard","meta":[],"categories":[15,18,21],"tags":[],"_links":{"self":[{"href":"https:\/\/blogs.sld.cu\/oserranob\/wp-json\/wp\/v2\/posts\/2154"}],"collection":[{"href":"https:\/\/blogs.sld.cu\/oserranob\/wp-json\/wp\/v2\/posts"}],"about":[{"href":"https:\/\/blogs.sld.cu\/oserranob\/wp-json\/wp\/v2\/types\/post"}],"author":[{"embeddable":true,"href":"https:\/\/blogs.sld.cu\/oserranob\/wp-json\/wp\/v2\/users\/125"}],"replies":[{"embeddable":true,"href":"https:\/\/blogs.sld.cu\/oserranob\/wp-json\/wp\/v2\/comments?post=2154"}],"version-history":[{"count":4,"href":"https:\/\/blogs.sld.cu\/oserranob\/wp-json\/wp\/v2\/posts\/2154\/revisions"}],"predecessor-version":[{"id":2156,"href":"https:\/\/blogs.sld.cu\/oserranob\/wp-json\/wp\/v2\/posts\/2154\/revisions\/2156"}],"wp:attachment":[{"href":"https:\/\/blogs.sld.cu\/oserranob\/wp-json\/wp\/v2\/media?parent=2154"}],"wp:term":[{"taxonomy":"category","embeddable":true,"href":"https:\/\/blogs.sld.cu\/oserranob\/wp-json\/wp\/v2\/categories?post=2154"},{"taxonomy":"post_tag","embeddable":true,"href":"https:\/\/blogs.sld.cu\/oserranob\/wp-json\/wp\/v2\/tags?post=2154"}],"curies":[{"name":"wp","href":"https:\/\/api.w.org\/{rel}","templated":true}]}}