{"id":2704,"date":"2016-01-20T19:55:07","date_gmt":"2016-01-20T19:55:07","guid":{"rendered":"http:\/\/blogs.sld.cu\/oserranob\/?p=2704"},"modified":"2016-01-20T21:46:46","modified_gmt":"2016-01-20T21:46:46","slug":"genomica-arroja-luz-sobre-ancestros-humanos","status":"publish","type":"post","link":"https:\/\/blogs.sld.cu\/oserranob\/2016\/01\/20\/genomica-arroja-luz-sobre-ancestros-humanos\/","title":{"rendered":"Gen\u00f3mica arroja luz sobre ancestros humanos"},"content":{"rendered":"<p style=\"text-align: justify\"><a href=\"https:\/\/blogs.sld.cu\/oserranob\/files\/2016\/01\/SA-ancestry1.png\"><img loading=\"lazy\" class=\"alignleft size-full wp-image-2708\" style=\"border-width: 1px;margin: 5px\" src=\"https:\/\/blogs.sld.cu\/oserranob\/files\/2016\/01\/SA-ancestry1.png\" alt=\"SA ancestry\" width=\"105\" height=\"111\" \/><\/a>La contribuci\u00f3n relativa de los pueblos nativos y los colonizadores europeos a las poblaciones sudamericanas es el contenido del trabajo Homburger JR, Moreno-Estrada A, Gignoux CR, Nelson D, Sanchez E, Ortiz-Tello P, <em>et al<\/em>. <a title=\"Texto completo en ingl\u00e9s\" href=\"http:\/\/journals.plos.org\/plosgenetics\/article?id=10.1371\/journal.pgen.1005602\" target=\"_blank\">Genomic Insights into the Ancestry and Demographic History of South America<\/a>. PLoS Genet 2015;11(12):e1005602. La relaci\u00f3n de las transiciones a las eras neol\u00edtica y de Bronce con las variaciones gen\u00e9ticas es abordada en Cassidy LM, Martiniano R, Murphy EM, Teasdale MD, Mallory J, Hartwell B, Bradley DG. <a title=\"Texto completo en ingl\u00e9s\" href=\"http:\/\/www.pnas.org\/content\/113\/2\/368.full\" target=\"_blank\">Neolithic and Bronze Age migration to Ireland and establishment of the insular Atlantic genome<\/a>. Proc Natl Acad Sci U S A. 2016 Jan 12;113(2):368-73.<\/p>\n","protected":false},"excerpt":{"rendered":"<p>La contribuci\u00f3n relativa de los pueblos nativos y los colonizadores europeos a las poblaciones sudamericanas es el contenido del trabajo Homburger JR, Moreno-Estrada A, Gignoux CR, Nelson D, Sanchez E, Ortiz-Tello P, et al. Genomic Insights into the Ancestry and Demographic History of South America. PLoS Genet 2015;11(12):e1005602. La relaci\u00f3n de las transiciones a las [&hellip;]<\/p>\n","protected":false},"author":125,"featured_media":0,"comment_status":"open","ping_status":"closed","sticky":false,"template":"","format":"standard","meta":[],"categories":[20,21],"tags":[],"_links":{"self":[{"href":"https:\/\/blogs.sld.cu\/oserranob\/wp-json\/wp\/v2\/posts\/2704"}],"collection":[{"href":"https:\/\/blogs.sld.cu\/oserranob\/wp-json\/wp\/v2\/posts"}],"about":[{"href":"https:\/\/blogs.sld.cu\/oserranob\/wp-json\/wp\/v2\/types\/post"}],"author":[{"embeddable":true,"href":"https:\/\/blogs.sld.cu\/oserranob\/wp-json\/wp\/v2\/users\/125"}],"replies":[{"embeddable":true,"href":"https:\/\/blogs.sld.cu\/oserranob\/wp-json\/wp\/v2\/comments?post=2704"}],"version-history":[{"count":4,"href":"https:\/\/blogs.sld.cu\/oserranob\/wp-json\/wp\/v2\/posts\/2704\/revisions"}],"predecessor-version":[{"id":2777,"href":"https:\/\/blogs.sld.cu\/oserranob\/wp-json\/wp\/v2\/posts\/2704\/revisions\/2777"}],"wp:attachment":[{"href":"https:\/\/blogs.sld.cu\/oserranob\/wp-json\/wp\/v2\/media?parent=2704"}],"wp:term":[{"taxonomy":"category","embeddable":true,"href":"https:\/\/blogs.sld.cu\/oserranob\/wp-json\/wp\/v2\/categories?post=2704"},{"taxonomy":"post_tag","embeddable":true,"href":"https:\/\/blogs.sld.cu\/oserranob\/wp-json\/wp\/v2\/tags?post=2704"}],"curies":[{"name":"wp","href":"https:\/\/api.w.org\/{rel}","templated":true}]}}