{"id":2736,"date":"2016-01-20T20:44:50","date_gmt":"2016-01-20T20:44:50","guid":{"rendered":"http:\/\/blogs.sld.cu\/oserranob\/?p=2736"},"modified":"2016-01-20T20:44:50","modified_gmt":"2016-01-20T20:44:50","slug":"marcadores-proteomicos-para-trastornos-depresivos","status":"publish","type":"post","link":"https:\/\/blogs.sld.cu\/oserranob\/2016\/01\/20\/marcadores-proteomicos-para-trastornos-depresivos\/","title":{"rendered":"Marcadores prote\u00f3micos para trastornos depresivos"},"content":{"rendered":"<p style=\"text-align: justify\"><a href=\"https:\/\/blogs.sld.cu\/oserranob\/files\/2016\/01\/Depression1.jpg\"><img loading=\"lazy\" class=\"alignleft size-thumbnail wp-image-2739\" style=\"border-width: 1px;margin: 5px\" src=\"https:\/\/blogs.sld.cu\/oserranob\/files\/2016\/01\/Depression1.jpg\" alt=\"Depression\" width=\"100\" height=\"86\" \/><\/a>El an\u00e1lisis prote\u00f3mico de 320 prote\u00ednas condujo al hallazgo de seis mol\u00e9culas con potencial diagn\u00f3stico para los trastornos depresivos. El reporte aparece en Frye MA, Nassan M, Jenkins GD, Kung S, Veldic M, Palmer BA, <em>et al<\/em>. <a title=\"Texto completo en ingl\u00e9s\" href=\"http:\/\/www.nature.com\/tp\/journal\/v5\/n12\/full\/tp2015185a.html\" target=\"_blank\">Feasibility of investigating differential proteomic expression in depression: implications for biomarker development in mood disorders<\/a>. Translational Psychiatry 2015;5:e689; doi:10.1038\/tp.2015.185.<\/p>\n","protected":false},"excerpt":{"rendered":"<p>El an\u00e1lisis prote\u00f3mico de 320 prote\u00ednas condujo al hallazgo de seis mol\u00e9culas con potencial diagn\u00f3stico para los trastornos depresivos. El reporte aparece en Frye MA, Nassan M, Jenkins GD, Kung S, Veldic M, Palmer BA, et al. Feasibility of investigating differential proteomic expression in depression: implications for biomarker development in mood disorders. Translational Psychiatry 2015;5:e689; [&hellip;]<\/p>\n","protected":false},"author":125,"featured_media":0,"comment_status":"open","ping_status":"closed","sticky":false,"template":"","format":"standard","meta":[],"categories":[15,41],"tags":[],"_links":{"self":[{"href":"https:\/\/blogs.sld.cu\/oserranob\/wp-json\/wp\/v2\/posts\/2736"}],"collection":[{"href":"https:\/\/blogs.sld.cu\/oserranob\/wp-json\/wp\/v2\/posts"}],"about":[{"href":"https:\/\/blogs.sld.cu\/oserranob\/wp-json\/wp\/v2\/types\/post"}],"author":[{"embeddable":true,"href":"https:\/\/blogs.sld.cu\/oserranob\/wp-json\/wp\/v2\/users\/125"}],"replies":[{"embeddable":true,"href":"https:\/\/blogs.sld.cu\/oserranob\/wp-json\/wp\/v2\/comments?post=2736"}],"version-history":[{"count":1,"href":"https:\/\/blogs.sld.cu\/oserranob\/wp-json\/wp\/v2\/posts\/2736\/revisions"}],"predecessor-version":[{"id":2740,"href":"https:\/\/blogs.sld.cu\/oserranob\/wp-json\/wp\/v2\/posts\/2736\/revisions\/2740"}],"wp:attachment":[{"href":"https:\/\/blogs.sld.cu\/oserranob\/wp-json\/wp\/v2\/media?parent=2736"}],"wp:term":[{"taxonomy":"category","embeddable":true,"href":"https:\/\/blogs.sld.cu\/oserranob\/wp-json\/wp\/v2\/categories?post=2736"},{"taxonomy":"post_tag","embeddable":true,"href":"https:\/\/blogs.sld.cu\/oserranob\/wp-json\/wp\/v2\/tags?post=2736"}],"curies":[{"name":"wp","href":"https:\/\/api.w.org\/{rel}","templated":true}]}}