{"id":3427,"date":"2016-09-30T19:12:41","date_gmt":"2016-09-30T19:12:41","guid":{"rendered":"http:\/\/blogs.sld.cu\/oserranob\/?p=3427"},"modified":"2016-11-05T19:16:04","modified_gmt":"2016-11-05T19:16:04","slug":"aclarando-las-zonas-oscuras-del-genoma","status":"publish","type":"post","link":"https:\/\/blogs.sld.cu\/oserranob\/2016\/09\/30\/aclarando-las-zonas-oscuras-del-genoma\/","title":{"rendered":"Aclarando las zonas oscuras del genoma"},"content":{"rendered":"<p style=\"text-align: justify\"><a href=\"https:\/\/blogs.sld.cu\/oserranob\/files\/2016\/09\/2016-09-30-noncoding.jpg\"><img loading=\"lazy\" class=\"alignleft size-full wp-image-3452\" style=\"border-width: 1px;margin: 5px\" src=\"https:\/\/blogs.sld.cu\/oserranob\/files\/2016\/09\/2016-09-30-noncoding.jpg\" alt=\"2016 09 30 noncoding\" width=\"85\" height=\"74\" \/><\/a>Por medio de la edici\u00f3n de genoma en zonas no codificadoras que rodean los genes <a title=\"Informaci\u00f3n sobre el gen en Gene\" href=\"https:\/\/www.ncbi.nlm.nih.gov\/gene\/4763\" target=\"_blank\">NF1<\/a>, <a title=\"Informaci\u00f3n sobre el gen en Gene\" href=\"https:\/\/www.ncbi.nlm.nih.gov\/gene\/4771\" target=\"_blank\">NF2<\/a> y <a title=\"Informaci\u00f3n sobre el gen en Gene\" href=\"https:\/\/www.ncbi.nlm.nih.gov\/gene\/8452\" target=\"_blank\">CUL3<\/a>, se encontraron \u00e1reas vinculadas con factores de transcripci\u00f3n, modificaciones epigen\u00e9ticas y secuencias relacionadas con la resistencia a f\u00e1rmacos. As\u00ed se describe en Sanjana NE, Wright J, Zheng K, Shalem O, Fontanillas P, Joung J, <em>et al<\/em>. <a title=\"Texto completo en ingl\u00e9s\" href=\"http:\/\/science.sciencemag.org\/content\/353\/6307\/1545.full\" target=\"_blank\">High-resolution interrogation of functional elements in the noncoding genome<\/a>. Science\u00a0 30 Sep 2016;353(6307):1545-1549.<\/p>\n","protected":false},"excerpt":{"rendered":"<p>Por medio de la edici\u00f3n de genoma en zonas no codificadoras que rodean los genes NF1, NF2 y CUL3, se encontraron \u00e1reas vinculadas con factores de transcripci\u00f3n, modificaciones epigen\u00e9ticas y secuencias relacionadas con la resistencia a f\u00e1rmacos. As\u00ed se describe en Sanjana NE, Wright J, Zheng K, Shalem O, Fontanillas P, Joung J, et al. [&hellip;]<\/p>\n","protected":false},"author":125,"featured_media":0,"comment_status":"open","ping_status":"closed","sticky":false,"template":"","format":"standard","meta":[],"categories":[21],"tags":[],"_links":{"self":[{"href":"https:\/\/blogs.sld.cu\/oserranob\/wp-json\/wp\/v2\/posts\/3427"}],"collection":[{"href":"https:\/\/blogs.sld.cu\/oserranob\/wp-json\/wp\/v2\/posts"}],"about":[{"href":"https:\/\/blogs.sld.cu\/oserranob\/wp-json\/wp\/v2\/types\/post"}],"author":[{"embeddable":true,"href":"https:\/\/blogs.sld.cu\/oserranob\/wp-json\/wp\/v2\/users\/125"}],"replies":[{"embeddable":true,"href":"https:\/\/blogs.sld.cu\/oserranob\/wp-json\/wp\/v2\/comments?post=3427"}],"version-history":[{"count":3,"href":"https:\/\/blogs.sld.cu\/oserranob\/wp-json\/wp\/v2\/posts\/3427\/revisions"}],"predecessor-version":[{"id":3453,"href":"https:\/\/blogs.sld.cu\/oserranob\/wp-json\/wp\/v2\/posts\/3427\/revisions\/3453"}],"wp:attachment":[{"href":"https:\/\/blogs.sld.cu\/oserranob\/wp-json\/wp\/v2\/media?parent=3427"}],"wp:term":[{"taxonomy":"category","embeddable":true,"href":"https:\/\/blogs.sld.cu\/oserranob\/wp-json\/wp\/v2\/categories?post=3427"},{"taxonomy":"post_tag","embeddable":true,"href":"https:\/\/blogs.sld.cu\/oserranob\/wp-json\/wp\/v2\/tags?post=3427"}],"curies":[{"name":"wp","href":"https:\/\/api.w.org\/{rel}","templated":true}]}}