{"id":3486,"date":"2016-11-05T13:16:40","date_gmt":"2016-11-05T13:16:40","guid":{"rendered":"http:\/\/blogs.sld.cu\/oserranob\/?p=3486"},"modified":"2016-11-05T18:17:22","modified_gmt":"2016-11-05T18:17:22","slug":"aplicaciones-de-la-ngs-en-oncologia","status":"publish","type":"post","link":"https:\/\/blogs.sld.cu\/oserranob\/2016\/11\/05\/aplicaciones-de-la-ngs-en-oncologia\/","title":{"rendered":"Aplicaciones de la NGS en oncolog\u00eda"},"content":{"rendered":"<p style=\"text-align: justify\"><a href=\"https:\/\/blogs.sld.cu\/oserranob\/files\/2016\/11\/I.-Calabria.jpg\"><img loading=\"lazy\" class=\"alignleft wp-image-3506 size-full\" style=\"border-width: 1px;margin: 5px\" title=\"I. Calabria. An Pediatr 2016\" src=\"https:\/\/blogs.sld.cu\/oserranob\/files\/2016\/11\/I.-Calabria.jpg\" alt=\"I. Calabria\" width=\"85\" height=\"68\" \/><\/a>Una revisi\u00f3n sobre las aplicaciones cl\u00ednicas de la secuenciaci\u00f3n de nueva generaci\u00f3n, particularmente en la oncolog\u00eda y la medicina de precisi\u00f3n, as\u00ed como sus potencialidades para mejorar el diagn\u00f3stico, el pron\u00f3stico y el tratamiento de pacientes oncol\u00f3gicos, est\u00e1 disponible en Calabria I, Pedrola L, Berlanga P, Aparisi MJ, S\u00e1nchez-Izquierdo D, Ca\u00f1ete A, <em>et al<\/em>. <a title=\"Texto completo en castellano\" href=\"http:\/\/www.analesdepediatria.org\/es\/el-nuevo-reto-oncologia-secuenciacion\/articulo\/S1695403316301990\/\" target=\"_blank\">El nuevo reto en oncolog\u00eda: la secuenciaci\u00f3n NGS y su aplicaci\u00f3n a la medicina de precisi\u00f3n<\/a>. An Pediatr 2016;85(5):273.<\/p>\n","protected":false},"excerpt":{"rendered":"<p>Una revisi\u00f3n sobre las aplicaciones cl\u00ednicas de la secuenciaci\u00f3n de nueva generaci\u00f3n, particularmente en la oncolog\u00eda y la medicina de precisi\u00f3n, as\u00ed como sus potencialidades para mejorar el diagn\u00f3stico, el pron\u00f3stico y el tratamiento de pacientes oncol\u00f3gicos, est\u00e1 disponible en Calabria I, Pedrola L, Berlanga P, Aparisi MJ, S\u00e1nchez-Izquierdo D, Ca\u00f1ete A, et al. El [&hellip;]<\/p>\n","protected":false},"author":125,"featured_media":0,"comment_status":"open","ping_status":"closed","sticky":false,"template":"","format":"standard","meta":[],"categories":[11,15,21,23],"tags":[],"_links":{"self":[{"href":"https:\/\/blogs.sld.cu\/oserranob\/wp-json\/wp\/v2\/posts\/3486"}],"collection":[{"href":"https:\/\/blogs.sld.cu\/oserranob\/wp-json\/wp\/v2\/posts"}],"about":[{"href":"https:\/\/blogs.sld.cu\/oserranob\/wp-json\/wp\/v2\/types\/post"}],"author":[{"embeddable":true,"href":"https:\/\/blogs.sld.cu\/oserranob\/wp-json\/wp\/v2\/users\/125"}],"replies":[{"embeddable":true,"href":"https:\/\/blogs.sld.cu\/oserranob\/wp-json\/wp\/v2\/comments?post=3486"}],"version-history":[{"count":3,"href":"https:\/\/blogs.sld.cu\/oserranob\/wp-json\/wp\/v2\/posts\/3486\/revisions"}],"predecessor-version":[{"id":3508,"href":"https:\/\/blogs.sld.cu\/oserranob\/wp-json\/wp\/v2\/posts\/3486\/revisions\/3508"}],"wp:attachment":[{"href":"https:\/\/blogs.sld.cu\/oserranob\/wp-json\/wp\/v2\/media?parent=3486"}],"wp:term":[{"taxonomy":"category","embeddable":true,"href":"https:\/\/blogs.sld.cu\/oserranob\/wp-json\/wp\/v2\/categories?post=3486"},{"taxonomy":"post_tag","embeddable":true,"href":"https:\/\/blogs.sld.cu\/oserranob\/wp-json\/wp\/v2\/tags?post=3486"}],"curies":[{"name":"wp","href":"https:\/\/api.w.org\/{rel}","templated":true}]}}