{"id":493,"date":"2011-11-19T10:17:09","date_gmt":"2011-11-19T14:17:09","guid":{"rendered":"http:\/\/blogviejo.sld.cu\/oserranob\/?p=493"},"modified":"2011-11-19T10:17:09","modified_gmt":"2011-11-19T14:17:09","slug":"secuencian-genoma-de-longeva","status":"publish","type":"post","link":"https:\/\/blogs.sld.cu\/oserranob\/2011\/11\/19\/secuencian-genoma-de-longeva\/","title":{"rendered":"Secuencian genoma de longeva"},"content":{"rendered":"<p>Investigadores holandeses han secuenciado el genoma de una mujer que hab\u00eda nacido por un parto pret\u00e9rmino y vivi\u00f3 115 a\u00f1os sin signos de demencia ni enfermedad vascular. Los resultados, a\u00fan preliminares, fueron presentados en el <strong>12 Congreso Internacional de Gen\u00e9tica Humana<\/strong>, y contienen las variaciones gen\u00f3micas que podr\u00edan arrojar luz sobre los genes y variantes que contribuyeron a la longevidad y buena salud f\u00edsica y mental de la donante.<\/p>\n","protected":false},"excerpt":{"rendered":"<p>Investigadores holandeses han secuenciado el genoma de una mujer que hab\u00eda nacido por un parto pret\u00e9rmino y vivi\u00f3 115 a\u00f1os sin signos de demencia ni enfermedad vascular. Los resultados, a\u00fan preliminares, fueron presentados en el 12 Congreso Internacional de Gen\u00e9tica Humana, y contienen las variaciones gen\u00f3micas que podr\u00edan arrojar luz sobre los genes y variantes [&hellip;]<\/p>\n","protected":false},"author":125,"featured_media":0,"comment_status":"closed","ping_status":"closed","sticky":false,"template":"","format":"standard","meta":[],"categories":[21,29,30],"tags":[],"_links":{"self":[{"href":"https:\/\/blogs.sld.cu\/oserranob\/wp-json\/wp\/v2\/posts\/493"}],"collection":[{"href":"https:\/\/blogs.sld.cu\/oserranob\/wp-json\/wp\/v2\/posts"}],"about":[{"href":"https:\/\/blogs.sld.cu\/oserranob\/wp-json\/wp\/v2\/types\/post"}],"author":[{"embeddable":true,"href":"https:\/\/blogs.sld.cu\/oserranob\/wp-json\/wp\/v2\/users\/125"}],"replies":[{"embeddable":true,"href":"https:\/\/blogs.sld.cu\/oserranob\/wp-json\/wp\/v2\/comments?post=493"}],"version-history":[{"count":0,"href":"https:\/\/blogs.sld.cu\/oserranob\/wp-json\/wp\/v2\/posts\/493\/revisions"}],"wp:attachment":[{"href":"https:\/\/blogs.sld.cu\/oserranob\/wp-json\/wp\/v2\/media?parent=493"}],"wp:term":[{"taxonomy":"category","embeddable":true,"href":"https:\/\/blogs.sld.cu\/oserranob\/wp-json\/wp\/v2\/categories?post=493"},{"taxonomy":"post_tag","embeddable":true,"href":"https:\/\/blogs.sld.cu\/oserranob\/wp-json\/wp\/v2\/tags?post=493"}],"curies":[{"name":"wp","href":"https:\/\/api.w.org\/{rel}","templated":true}]}}