{"id":5000,"date":"2021-04-25T16:03:13","date_gmt":"2021-04-25T16:03:13","guid":{"rendered":"https:\/\/blogs.sld.cu\/oserranob\/?p=5000"},"modified":"2021-04-25T16:03:13","modified_gmt":"2021-04-25T16:03:13","slug":"impartido-curso-introduccion-a-las-tecnologias-omicas","status":"publish","type":"post","link":"https:\/\/blogs.sld.cu\/oserranob\/2021\/04\/25\/impartido-curso-introduccion-a-las-tecnologias-omicas\/","title":{"rendered":"Impartido curso Introducci\u00f3n a las tecnolog\u00edas \u00f3micas"},"content":{"rendered":"<p style=\"text-align: justify\"><a href=\"https:\/\/blogs.sld.cu\/oserranob\/files\/2021\/04\/LogoOF.jpg\"><img loading=\"lazy\" class=\"alignleft wp-image-5003 size-full\" style=\"border-width: 1px;margin: 5px\" title=\"(c) UCMLT, 2021\" src=\"https:\/\/blogs.sld.cu\/oserranob\/files\/2021\/04\/LogoOF.jpg\" alt=\"LogoOF\" width=\"85\" height=\"112\" \/><\/a>Como parte de las actividades previas al OncoF\u00f3rum 2021, un evento cient\u00edfico nacional estudiantil organizado por la <a title=\"Sitio web de UCMLT\" href=\"http:\/\/instituciones.sld.cu\/ucmtunas\/\" target=\"_blank\">Universidad de Ciencias M\u00e9dicas de Las Tunas<\/a>, se imparti\u00f3 el curso Introducci\u00f3n a las tecnolog\u00edas \u00f3micas, con participaci\u00f3n de estudiantes de toda Cuba. A las actividades lectivas siguieron un extenso debate y la revisi\u00f3n de algunas bases de datos de utilidad en la asistencia, la docencia y la investigaci\u00f3n en salud. Puede leer <a title=\"Nota en sitio web Tiempo21\" href=\"https:\/\/www.tiempo21.cu\/2021\/04\/23\/intercambian-estudiantes-de-las-ciencias-medicas-acerca-de-tecnologias-omicas\/\" target=\"_blank\">una rese\u00f1a en la prensa sobre la actividad<\/a>.<\/p>\n","protected":false},"excerpt":{"rendered":"<p>Como parte de las actividades previas al OncoF\u00f3rum 2021, un evento cient\u00edfico nacional estudiantil organizado por la Universidad de Ciencias M\u00e9dicas de Las Tunas, se imparti\u00f3 el curso Introducci\u00f3n a las tecnolog\u00edas \u00f3micas, con participaci\u00f3n de estudiantes de toda Cuba. A las actividades lectivas siguieron un extenso debate y la revisi\u00f3n de algunas bases de [&hellip;]<\/p>\n","protected":false},"author":125,"featured_media":0,"comment_status":"open","ping_status":"closed","sticky":false,"template":"","format":"standard","meta":[],"categories":[12,18],"tags":[],"_links":{"self":[{"href":"https:\/\/blogs.sld.cu\/oserranob\/wp-json\/wp\/v2\/posts\/5000"}],"collection":[{"href":"https:\/\/blogs.sld.cu\/oserranob\/wp-json\/wp\/v2\/posts"}],"about":[{"href":"https:\/\/blogs.sld.cu\/oserranob\/wp-json\/wp\/v2\/types\/post"}],"author":[{"embeddable":true,"href":"https:\/\/blogs.sld.cu\/oserranob\/wp-json\/wp\/v2\/users\/125"}],"replies":[{"embeddable":true,"href":"https:\/\/blogs.sld.cu\/oserranob\/wp-json\/wp\/v2\/comments?post=5000"}],"version-history":[{"count":1,"href":"https:\/\/blogs.sld.cu\/oserranob\/wp-json\/wp\/v2\/posts\/5000\/revisions"}],"predecessor-version":[{"id":5004,"href":"https:\/\/blogs.sld.cu\/oserranob\/wp-json\/wp\/v2\/posts\/5000\/revisions\/5004"}],"wp:attachment":[{"href":"https:\/\/blogs.sld.cu\/oserranob\/wp-json\/wp\/v2\/media?parent=5000"}],"wp:term":[{"taxonomy":"category","embeddable":true,"href":"https:\/\/blogs.sld.cu\/oserranob\/wp-json\/wp\/v2\/categories?post=5000"},{"taxonomy":"post_tag","embeddable":true,"href":"https:\/\/blogs.sld.cu\/oserranob\/wp-json\/wp\/v2\/tags?post=5000"}],"curies":[{"name":"wp","href":"https:\/\/api.w.org\/{rel}","templated":true}]}}