{"id":5185,"date":"2022-01-06T19:28:19","date_gmt":"2022-01-06T19:28:19","guid":{"rendered":"https:\/\/blogs.sld.cu\/oserranob\/?p=5185"},"modified":"2022-01-06T19:57:46","modified_gmt":"2022-01-06T19:57:46","slug":"genomica-etica-y-covid-19","status":"publish","type":"post","link":"https:\/\/blogs.sld.cu\/oserranob\/2022\/01\/06\/genomica-etica-y-covid-19\/","title":{"rendered":"Gen\u00f3mica, \u00e9tica y covid-19"},"content":{"rendered":"<p><a href=\"https:\/\/blogs.sld.cu\/oserranob\/files\/2022\/01\/Medimay.png\"><img loading=\"lazy\" class=\"alignleft wp-image-5197\" title=\"(c) Medimay, 2021\" src=\"https:\/\/blogs.sld.cu\/oserranob\/files\/2022\/01\/Medimay.png\" alt=\"\" width=\"85\" height=\"115\" \/><\/a>Las implicaciones \u00e9ticas de la aplicaci\u00f3n de los estudios gen\u00f3micos durante la pandemia de <a href=\"https:\/\/temas.sld.cu\/coronavirus\/covid-19\/\">covid-19<\/a> son abordadas en una revisi\u00f3n narrativa, que puede consultar en Quintana-Hern\u00e1ndez D, Rojas-Betancourt I, Quintana-Mora D, Fajardo-Pe\u00f1a Y, Oviedo-de-la-Cruz L. <a href=\"http:\/\/www.medimay.sld.cu\/index.php\/rcmh\/article\/view\/1872\">Gen\u00e9tica, Gen\u00f3mica y COVID-19: implicaciones \u00e9ticas<\/a>. Medimay, 2021;28(4).<\/p>\n","protected":false},"excerpt":{"rendered":"<p>Las implicaciones \u00e9ticas de la aplicaci\u00f3n de los estudios gen\u00f3micos durante la pandemia de covid-19 son abordadas en una revisi\u00f3n narrativa, que puede consultar en Quintana-Hern\u00e1ndez D, Rojas-Betancourt I, Quintana-Mora D, Fajardo-Pe\u00f1a Y, Oviedo-de-la-Cruz L. Gen\u00e9tica, Gen\u00f3mica y COVID-19: implicaciones \u00e9ticas. Medimay, 2021;28(4).<\/p>\n","protected":false},"author":125,"featured_media":0,"comment_status":"open","ping_status":"closed","sticky":false,"template":"","format":"standard","meta":[],"categories":[7,15,21,28],"tags":[],"_links":{"self":[{"href":"https:\/\/blogs.sld.cu\/oserranob\/wp-json\/wp\/v2\/posts\/5185"}],"collection":[{"href":"https:\/\/blogs.sld.cu\/oserranob\/wp-json\/wp\/v2\/posts"}],"about":[{"href":"https:\/\/blogs.sld.cu\/oserranob\/wp-json\/wp\/v2\/types\/post"}],"author":[{"embeddable":true,"href":"https:\/\/blogs.sld.cu\/oserranob\/wp-json\/wp\/v2\/users\/125"}],"replies":[{"embeddable":true,"href":"https:\/\/blogs.sld.cu\/oserranob\/wp-json\/wp\/v2\/comments?post=5185"}],"version-history":[{"count":3,"href":"https:\/\/blogs.sld.cu\/oserranob\/wp-json\/wp\/v2\/posts\/5185\/revisions"}],"predecessor-version":[{"id":5198,"href":"https:\/\/blogs.sld.cu\/oserranob\/wp-json\/wp\/v2\/posts\/5185\/revisions\/5198"}],"wp:attachment":[{"href":"https:\/\/blogs.sld.cu\/oserranob\/wp-json\/wp\/v2\/media?parent=5185"}],"wp:term":[{"taxonomy":"category","embeddable":true,"href":"https:\/\/blogs.sld.cu\/oserranob\/wp-json\/wp\/v2\/categories?post=5185"},{"taxonomy":"post_tag","embeddable":true,"href":"https:\/\/blogs.sld.cu\/oserranob\/wp-json\/wp\/v2\/tags?post=5185"}],"curies":[{"name":"wp","href":"https:\/\/api.w.org\/{rel}","templated":true}]}}